{"id":1029,"date":"2016-04-28T20:27:28","date_gmt":"2016-04-28T18:27:28","guid":{"rendered":"http:\/\/www.radiocampusculturae.org\/?p=1029"},"modified":"2016-04-28T20:10:26","modified_gmt":"2016-04-28T18:10:26","slug":"conversas-en-fonseca-28-04-2016-con-juan-blanco-valdes","status":"publish","type":"post","link":"https:\/\/www.radiocampusculturae.org\/es\/blog\/conversas-en-fonseca-28-04-2016-con-juan-blanco-valdes\/","title":{"rendered":"Conversas En Fonseca (28-04-2016), con Juan Blanco Vald\u00e9s"},"content":{"rendered":"<p style=\"text-align: justify;\">Esta semana hablamos con Juan Lu\u00eds Blanco Vald\u00e9s, jefe del Servicio de Publicaciones e Intercambio Cient\u00edfico de la Universidad de Santiago de Compostela.<br \/>\n<iframe loading=\"lazy\" id=\"audio_11339162\" style=\"border: 1px solid #EEE; box-sizing: border-box; width: 100%;\" src=\"https:\/\/www.ivoox.com\/player_ej_11339162_4_1.html?c1=ff6600\" width=\"300\" height=\"200\" frameborder=\"0\" scrolling=\"no\" allowfullscreen=\"allowfullscreen\"><\/iframe><\/p>\n","protected":false},"excerpt":{"rendered":"<p>Esta semana hablamos con Juan Lu\u00eds Blanco Vald\u00e9s, jefe del Servicio de Publicaciones e Intercambio&#8230;<\/p>\n","protected":false},"author":1,"featured_media":0,"comment_status":"open","ping_status":"open","sticky":false,"template":"","format":"standard","meta":{"footnotes":""},"categories":[],"tags":[],"class_list":["post-1029","post","type-post","status-publish","format-standard","hentry"],"translation":{"provider":"WPGlobus","version":"3.0.2","language":"es","enabled_languages":["gl","es"],"languages":{"gl":{"title":true,"content":true,"excerpt":false},"es":{"title":true,"content":true,"excerpt":false}}},"_links":{"self":[{"href":"https:\/\/www.radiocampusculturae.org\/es\/wp-json\/wp\/v2\/posts\/1029","targetHints":{"allow":["GET"]}}],"collection":[{"href":"https:\/\/www.radiocampusculturae.org\/es\/wp-json\/wp\/v2\/posts"}],"about":[{"href":"https:\/\/www.radiocampusculturae.org\/es\/wp-json\/wp\/v2\/types\/post"}],"author":[{"embeddable":true,"href":"https:\/\/www.radiocampusculturae.org\/es\/wp-json\/wp\/v2\/users\/1"}],"replies":[{"embeddable":true,"href":"https:\/\/www.radiocampusculturae.org\/es\/wp-json\/wp\/v2\/comments?post=1029"}],"version-history":[{"count":2,"href":"https:\/\/www.radiocampusculturae.org\/es\/wp-json\/wp\/v2\/posts\/1029\/revisions"}],"predecessor-version":[{"id":1031,"href":"https:\/\/www.radiocampusculturae.org\/es\/wp-json\/wp\/v2\/posts\/1029\/revisions\/1031"}],"wp:attachment":[{"href":"https:\/\/www.radiocampusculturae.org\/es\/wp-json\/wp\/v2\/media?parent=1029"}],"wp:term":[{"taxonomy":"category","embeddable":true,"href":"https:\/\/www.radiocampusculturae.org\/es\/wp-json\/wp\/v2\/categories?post=1029"},{"taxonomy":"post_tag","embeddable":true,"href":"https:\/\/www.radiocampusculturae.org\/es\/wp-json\/wp\/v2\/tags?post=1029"}],"curies":[{"name":"wp","href":"https:\/\/api.w.org\/{rel}","templated":true}]}}