{"id":1106,"date":"2016-05-26T20:26:58","date_gmt":"2016-05-26T18:26:58","guid":{"rendered":"http:\/\/www.radiocampusculturae.org\/?p=1106"},"modified":"2016-05-27T22:56:36","modified_gmt":"2016-05-27T20:56:36","slug":"conversas-en-fonseca-26-05-2016-con-laura-sanchez","status":"publish","type":"post","link":"https:\/\/www.radiocampusculturae.org\/es\/blog\/conversas-en-fonseca-26-05-2016-con-laura-sanchez\/","title":{"rendered":"Conversas En Fonseca (26-05-2016), con Laura S\u00e1nchez"},"content":{"rendered":"<p style=\"text-align: justify;\">Esta semana hablamos con Laura S\u00e1nchez Pi\u00f1\u00f3n, directora del Departamento de gen\u00e9tica y catedr\u00e1tica de la Universidad de Santiago de Compostela.<br \/>\n<iframe loading=\"lazy\" id=\"audio_11691048\" style=\"border: 1px solid #EEE; box-sizing: border-box; width: 100%;\" src=\"https:\/\/www.ivoox.com\/player_ej_11691048_4_1.html?c1=ff6600\" width=\"300\" height=\"200\" frameborder=\"0\" scrolling=\"no\" allowfullscreen=\"allowfullscreen\"><\/iframe><\/p>\n","protected":false},"excerpt":{"rendered":"<p>Esta semana hablamos con Laura S\u00e1nchez Pi\u00f1\u00f3n, directora del Departamento de gen\u00e9tica y catedr\u00e1tica de&#8230;<\/p>\n","protected":false},"author":1,"featured_media":0,"comment_status":"open","ping_status":"open","sticky":false,"template":"","format":"standard","meta":{"footnotes":""},"categories":[],"tags":[],"class_list":["post-1106","post","type-post","status-publish","format-standard","hentry"],"translation":{"provider":"WPGlobus","version":"3.0.2","language":"es","enabled_languages":["gl","es"],"languages":{"gl":{"title":true,"content":true,"excerpt":false},"es":{"title":true,"content":true,"excerpt":false}}},"_links":{"self":[{"href":"https:\/\/www.radiocampusculturae.org\/es\/wp-json\/wp\/v2\/posts\/1106","targetHints":{"allow":["GET"]}}],"collection":[{"href":"https:\/\/www.radiocampusculturae.org\/es\/wp-json\/wp\/v2\/posts"}],"about":[{"href":"https:\/\/www.radiocampusculturae.org\/es\/wp-json\/wp\/v2\/types\/post"}],"author":[{"embeddable":true,"href":"https:\/\/www.radiocampusculturae.org\/es\/wp-json\/wp\/v2\/users\/1"}],"replies":[{"embeddable":true,"href":"https:\/\/www.radiocampusculturae.org\/es\/wp-json\/wp\/v2\/comments?post=1106"}],"version-history":[{"count":2,"href":"https:\/\/www.radiocampusculturae.org\/es\/wp-json\/wp\/v2\/posts\/1106\/revisions"}],"predecessor-version":[{"id":1108,"href":"https:\/\/www.radiocampusculturae.org\/es\/wp-json\/wp\/v2\/posts\/1106\/revisions\/1108"}],"wp:attachment":[{"href":"https:\/\/www.radiocampusculturae.org\/es\/wp-json\/wp\/v2\/media?parent=1106"}],"wp:term":[{"taxonomy":"category","embeddable":true,"href":"https:\/\/www.radiocampusculturae.org\/es\/wp-json\/wp\/v2\/categories?post=1106"},{"taxonomy":"post_tag","embeddable":true,"href":"https:\/\/www.radiocampusculturae.org\/es\/wp-json\/wp\/v2\/tags?post=1106"}],"curies":[{"name":"wp","href":"https:\/\/api.w.org\/{rel}","templated":true}]}}