{"id":1170,"date":"2016-06-27T00:23:27","date_gmt":"2016-06-26T22:23:27","guid":{"rendered":"http:\/\/www.radiocampusculturae.org\/?p=1170"},"modified":"2016-06-30T00:40:17","modified_gmt":"2016-06-29T22:40:17","slug":"especial-eleccions-xerais-26-06-2016","status":"publish","type":"post","link":"https:\/\/www.radiocampusculturae.org\/es\/blog\/especial-eleccions-xerais-26-06-2016\/","title":{"rendered":"Especial Elecciones Generales (26-06-2016) [audio]"},"content":{"rendered":"<p style=\"text-align: justify;\">Un total de 36,51 millones de espa\u00f1oles estaban llamados a votar este domingo 26 de junio. El avance de participaci\u00f3n de las seis de la tarde indicaba que estes comicios podr\u00edan ser los de menos participaci\u00f3n del actual per\u00edodo democr\u00e1tico. Finalmente no fue as\u00ed y el porcentaje de votantes en estas elecciones fue incluso superior a la cita de diciembre de 2015, con un 69\u201984% de participaci\u00f3n.<\/p>\n<figure id=\"attachment_1175\" aria-describedby=\"caption-attachment-1175\" style=\"width: 300px\" class=\"wp-caption alignleft\"><a href=\"http:\/\/www.radiocampusculturae.org\/wp-content\/uploads\/2016\/06\/26j-es.jpg\"><img loading=\"lazy\" decoding=\"async\" class=\"wp-image-1175 size-medium\" src=\"http:\/\/www.radiocampusculturae.org\/wp-content\/uploads\/2016\/06\/26j-es-300x196.jpg\" alt=\"Resultados de las Generales 2016 en Espa\u00f1a\" width=\"300\" height=\"196\" srcset=\"https:\/\/www.radiocampusculturae.org\/wp-content\/uploads\/2016\/06\/26j-es-300x196.jpg 300w, https:\/\/www.radiocampusculturae.org\/wp-content\/uploads\/2016\/06\/26j-es.jpg 438w\" sizes=\"auto, (max-width: 300px) 100vw, 300px\" \/><\/a><figcaption id=\"caption-attachment-1175\" class=\"wp-caption-text\">Resultados totales en Espa\u00f1a<\/figcaption><\/figure>\n<p style=\"text-align: justify;\">Los resultados finales, con el 100% escrutado, contrastan con los sondeos de los pasados d\u00edas. <!--more-->El Partido Popular recupera terreno respecto a diciembre y alcanza 137 esca\u00f1os. El PSOE pierde cinco diputados y sigue siendo la segunda fuerza pol\u00edtica del estado con 85 esca\u00f1os. La coalici\u00f3n Unidos Podemos, junto con las confluencias, a pesar de sumar esta vez al grupo la formaci\u00f3n Izquierda Unida, consigue el mismo n\u00famero de diputados que en 2015: 71. Mientras, Ciudadanos, pierde ocho esca\u00f1os y queda con 32.<\/p>\n<figure id=\"attachment_1176\" aria-describedby=\"caption-attachment-1176\" style=\"width: 300px\" class=\"wp-caption alignright\"><a href=\"http:\/\/www.radiocampusculturae.org\/wp-content\/uploads\/2016\/06\/26j-gl.jpg\"><img loading=\"lazy\" decoding=\"async\" class=\"wp-image-1176 size-medium\" src=\"http:\/\/www.radiocampusculturae.org\/wp-content\/uploads\/2016\/06\/26j-gl-300x190.jpg\" alt=\"Resultados de las Generales 2016 en Galicia\" width=\"300\" height=\"190\" srcset=\"https:\/\/www.radiocampusculturae.org\/wp-content\/uploads\/2016\/06\/26j-gl-300x190.jpg 300w, https:\/\/www.radiocampusculturae.org\/wp-content\/uploads\/2016\/06\/26j-gl.jpg 434w\" sizes=\"auto, (max-width: 300px) 100vw, 300px\" \/><\/a><figcaption id=\"caption-attachment-1176\" class=\"wp-caption-text\">Resultados en Galicia<\/figcaption><\/figure>\n<p style=\"text-align: justify;\">En Galicia el Partido Popular consigue 12 esca\u00f1os, dos mas que en los anteriores comicios. El PSdG-PSOE mantiene los seis diputados de los anteriores comicios. Mientras, la coalici\u00f3n Unidos Podemos con En Marea, ANOVA y Esquerda Unida pierde su diputado por la provincia de Ourense. Tambi\u00e9n Ciudadanos pierde el eesca\u00f1o conseguido en la anterior cita con las urnas en nuestra comunidad. Por otro lado, el BNG sigue sin representaci\u00f3n en el congreso de los diputados e incluso sufre una significativa bajada en votos.<\/p>\n<p><iframe loading=\"lazy\" id=\"audio_12032176\" style=\"border: 1px solid #EEE; box-sizing: border-box; width: 100%;\" src=\"https:\/\/www.ivoox.com\/player_ej_12032176_4_1.html?c1=ff6600\" width=\"300\" height=\"200\" frameborder=\"0\" scrolling=\"no\" allowfullscreen=\"allowfullscreen\"><\/iframe><br \/>\n<iframe loading=\"lazy\" id=\"audio_12032237\" style=\"border: 1px solid #EEE; box-sizing: border-box; width: 100%;\" src=\"https:\/\/www.ivoox.com\/player_ej_12032237_4_1.html?c1=ff6600\" width=\"300\" height=\"200\" frameborder=\"0\" scrolling=\"no\" allowfullscreen=\"allowfullscreen\"><\/iframe><br \/>\n<iframe loading=\"lazy\" id=\"audio_12032238\" style=\"border: 1px solid #EEE; box-sizing: border-box; width: 100%;\" src=\"https:\/\/www.ivoox.com\/player_ej_12032238_4_1.html?c1=ff6600\" width=\"300\" height=\"200\" frameborder=\"0\" scrolling=\"no\" allowfullscreen=\"allowfullscreen\"><\/iframe><\/p>\n","protected":false},"excerpt":{"rendered":"<p>Un total de 36,51 mill\u00f3ns de espa\u00f1ois estaban chamados a votar este domingo 26 de&#8230;<\/p>\n","protected":false},"author":1,"featured_media":0,"comment_status":"open","ping_status":"open","sticky":false,"template":"","format":"standard","meta":{"footnotes":""},"categories":[],"tags":[],"class_list":["post-1170","post","type-post","status-publish","format-standard","hentry"],"translation":{"provider":"WPGlobus","version":"3.0.2","language":"es","enabled_languages":["gl","es"],"languages":{"gl":{"title":true,"content":true,"excerpt":false},"es":{"title":true,"content":true,"excerpt":false}}},"_links":{"self":[{"href":"https:\/\/www.radiocampusculturae.org\/es\/wp-json\/wp\/v2\/posts\/1170","targetHints":{"allow":["GET"]}}],"collection":[{"href":"https:\/\/www.radiocampusculturae.org\/es\/wp-json\/wp\/v2\/posts"}],"about":[{"href":"https:\/\/www.radiocampusculturae.org\/es\/wp-json\/wp\/v2\/types\/post"}],"author":[{"embeddable":true,"href":"https:\/\/www.radiocampusculturae.org\/es\/wp-json\/wp\/v2\/users\/1"}],"replies":[{"embeddable":true,"href":"https:\/\/www.radiocampusculturae.org\/es\/wp-json\/wp\/v2\/comments?post=1170"}],"version-history":[{"count":16,"href":"https:\/\/www.radiocampusculturae.org\/es\/wp-json\/wp\/v2\/posts\/1170\/revisions"}],"predecessor-version":[{"id":1195,"href":"https:\/\/www.radiocampusculturae.org\/es\/wp-json\/wp\/v2\/posts\/1170\/revisions\/1195"}],"wp:attachment":[{"href":"https:\/\/www.radiocampusculturae.org\/es\/wp-json\/wp\/v2\/media?parent=1170"}],"wp:term":[{"taxonomy":"category","embeddable":true,"href":"https:\/\/www.radiocampusculturae.org\/es\/wp-json\/wp\/v2\/categories?post=1170"},{"taxonomy":"post_tag","embeddable":true,"href":"https:\/\/www.radiocampusculturae.org\/es\/wp-json\/wp\/v2\/tags?post=1170"}],"curies":[{"name":"wp","href":"https:\/\/api.w.org\/{rel}","templated":true}]}}