{"id":1561,"date":"2016-11-23T22:13:55","date_gmt":"2016-11-23T21:13:55","guid":{"rendered":"http:\/\/www.radiocampusculturae.org\/?p=1561"},"modified":"2017-01-13T14:11:15","modified_gmt":"2017-01-13T13:11:15","slug":"obradoiro-de-edicion-de-son-para-radio","status":"publish","type":"post","link":"https:\/\/www.radiocampusculturae.org\/es\/blog\/obradoiro-de-edicion-de-son-para-radio\/","title":{"rendered":"Taller de Edici\u00f3n de Sonido para radio"},"content":{"rendered":"<p style=\"text-align: justify;\"><a href=\"http:\/\/www.radiocampusculturae.org\/wp-content\/uploads\/2016\/11\/cartel-obradoiro-edicion-son-rcc-2016-12.jpg\"><img loading=\"lazy\" decoding=\"async\" class=\"alignleft wp-image-1564 size-medium\" src=\"http:\/\/www.radiocampusculturae.org\/wp-content\/uploads\/2016\/11\/cartel-obradoiro-edicion-son-rcc-2016-12-300x212.jpg\" alt=\"Cartel Obradoiro de Edicion de Son (Dec-2016)\" width=\"300\" height=\"212\" srcset=\"https:\/\/www.radiocampusculturae.org\/wp-content\/uploads\/2016\/11\/cartel-obradoiro-edicion-son-rcc-2016-12-300x212.jpg 300w, https:\/\/www.radiocampusculturae.org\/wp-content\/uploads\/2016\/11\/cartel-obradoiro-edicion-son-rcc-2016-12-1024x724.jpg 1024w, https:\/\/www.radiocampusculturae.org\/wp-content\/uploads\/2016\/11\/cartel-obradoiro-edicion-son-rcc-2016-12-800x566.jpg 800w\" sizes=\"auto, (max-width: 300px) 100vw, 300px\" \/><\/a>Ya est\u00e1 en marcha el taller de edici\u00f3n de sonido para radio que vamos realizar el pr\u00f3ximo 1 de diciembre, de 16h a 19h, en la Facultad de Ciencias de la Comunicaci\u00f3n de la Universidad de Santiago de Compostela Y en el cual podr\u00e1s descubrir como realizar tareas sencillas como extraer cortes de una entrevista u otras de m\u00e1s elaboraci\u00f3n como realizar montajes con diferentes fuentes de sonido utilizando software libre.<br \/>\n<!--more-->El precio general del taller es de 25\u20ac, aunque los socios y socias de Radio campUSCulturae obtendr\u00e1n un precio reducido de 15\u20ac.<br \/>\nPuedes inscribirte hasta el pr\u00f3ximo 29 de noviembre.<br \/>\nPonte en contacto con nosotros a trav\u00e9s del siguiente formulario, o tambi\u00e9n a trav\u00e9s del email campusculturaeradio@gmail.com, el n\u00famero de tel\u00e9fono 881 816 559 o, si lo prefieres, vis\u00edtanos en la sala V4 de la Facultad de Ciencias de la Comunicaci\u00f3n de la USC.<br \/>\n<p class=\"wpcf7-contact-form-not-found\"><strong>Error:<\/strong> Formulario de contacto no encontrado.<\/p><\/p>\n","protected":false},"excerpt":{"rendered":"<p>Xa est\u00e1 en marcha o obradoiro de edici\u00f3n de son para radio que imos realizar&#8230;<\/p>\n","protected":false},"author":1,"featured_media":0,"comment_status":"open","ping_status":"open","sticky":false,"template":"","format":"standard","meta":{"footnotes":""},"categories":[],"tags":[],"class_list":["post-1561","post","type-post","status-publish","format-standard","hentry"],"translation":{"provider":"WPGlobus","version":"3.0.2","language":"es","enabled_languages":["gl","es"],"languages":{"gl":{"title":true,"content":true,"excerpt":false},"es":{"title":true,"content":true,"excerpt":false}}},"_links":{"self":[{"href":"https:\/\/www.radiocampusculturae.org\/es\/wp-json\/wp\/v2\/posts\/1561","targetHints":{"allow":["GET"]}}],"collection":[{"href":"https:\/\/www.radiocampusculturae.org\/es\/wp-json\/wp\/v2\/posts"}],"about":[{"href":"https:\/\/www.radiocampusculturae.org\/es\/wp-json\/wp\/v2\/types\/post"}],"author":[{"embeddable":true,"href":"https:\/\/www.radiocampusculturae.org\/es\/wp-json\/wp\/v2\/users\/1"}],"replies":[{"embeddable":true,"href":"https:\/\/www.radiocampusculturae.org\/es\/wp-json\/wp\/v2\/comments?post=1561"}],"version-history":[{"count":3,"href":"https:\/\/www.radiocampusculturae.org\/es\/wp-json\/wp\/v2\/posts\/1561\/revisions"}],"predecessor-version":[{"id":1566,"href":"https:\/\/www.radiocampusculturae.org\/es\/wp-json\/wp\/v2\/posts\/1561\/revisions\/1566"}],"wp:attachment":[{"href":"https:\/\/www.radiocampusculturae.org\/es\/wp-json\/wp\/v2\/media?parent=1561"}],"wp:term":[{"taxonomy":"category","embeddable":true,"href":"https:\/\/www.radiocampusculturae.org\/es\/wp-json\/wp\/v2\/categories?post=1561"},{"taxonomy":"post_tag","embeddable":true,"href":"https:\/\/www.radiocampusculturae.org\/es\/wp-json\/wp\/v2\/tags?post=1561"}],"curies":[{"name":"wp","href":"https:\/\/api.w.org\/{rel}","templated":true}]}}