{"id":2075,"date":"2017-03-31T19:17:42","date_gmt":"2017-03-31T17:17:42","guid":{"rendered":"http:\/\/www.radiocampusculturae.org\/?p=2075"},"modified":"2019-01-22T21:28:07","modified_gmt":"2019-01-22T19:28:07","slug":"sexto-grao-002-31-03-2017","status":"publish","type":"post","link":"https:\/\/www.radiocampusculturae.org\/es\/blog\/sexto-grao-002-31-03-2017\/","title":{"rendered":"Sexto Grao 002 (31-03-2017) con Jonatan Barral Otero"},"content":{"rendered":"<p style=\"text-align: justify;\">Hoy se somete al sexto grado Jonatan Barral Otero, nacido en la parroquia de San Marti\u00f1o de Lara\u00f1o en 1990. Periodista y estudante de periodismo, enamorado de la radio y l\u00edder de Radio campUSCulturae, particip\u00f3 en radio desde muy joven; lleva 20 a\u00f1os haciendo doma cl\u00e1sica y particip\u00f3 en pol\u00edtica local, pues es tambi\u00e9n un enamorado de Santiago de Compostela.<br \/>\n<iframe loading=\"lazy\" id=\"audio_17896791\" style=\"border: 1px solid #EEE; box-sizing: border-box; width: 100%;\" src=\"https:\/\/www.ivoox.com\/player_ej_17896791_4_1.html?c1=ff6600\" width=\"300\" height=\"200\" frameborder=\"0\" scrolling=\"no\" allowfullscreen=\"allowfullscreen\"><\/iframe><\/p>\n","protected":false},"excerpt":{"rendered":"<p>Hoy se somete al sexto grado Jonatan Barral Otero, nacido en la parroquia de San&#8230;<\/p>\n","protected":false},"author":1,"featured_media":0,"comment_status":"open","ping_status":"closed","sticky":false,"template":"","format":"standard","meta":{"footnotes":""},"categories":[],"tags":[],"class_list":["post-2075","post","type-post","status-publish","format-standard","hentry"],"translation":{"provider":"WPGlobus","version":"3.0.2","language":"es","enabled_languages":["gl","es"],"languages":{"gl":{"title":true,"content":true,"excerpt":false},"es":{"title":true,"content":true,"excerpt":false}}},"_links":{"self":[{"href":"https:\/\/www.radiocampusculturae.org\/es\/wp-json\/wp\/v2\/posts\/2075","targetHints":{"allow":["GET"]}}],"collection":[{"href":"https:\/\/www.radiocampusculturae.org\/es\/wp-json\/wp\/v2\/posts"}],"about":[{"href":"https:\/\/www.radiocampusculturae.org\/es\/wp-json\/wp\/v2\/types\/post"}],"author":[{"embeddable":true,"href":"https:\/\/www.radiocampusculturae.org\/es\/wp-json\/wp\/v2\/users\/1"}],"replies":[{"embeddable":true,"href":"https:\/\/www.radiocampusculturae.org\/es\/wp-json\/wp\/v2\/comments?post=2075"}],"version-history":[{"count":4,"href":"https:\/\/www.radiocampusculturae.org\/es\/wp-json\/wp\/v2\/posts\/2075\/revisions"}],"predecessor-version":[{"id":3631,"href":"https:\/\/www.radiocampusculturae.org\/es\/wp-json\/wp\/v2\/posts\/2075\/revisions\/3631"}],"wp:attachment":[{"href":"https:\/\/www.radiocampusculturae.org\/es\/wp-json\/wp\/v2\/media?parent=2075"}],"wp:term":[{"taxonomy":"category","embeddable":true,"href":"https:\/\/www.radiocampusculturae.org\/es\/wp-json\/wp\/v2\/categories?post=2075"},{"taxonomy":"post_tag","embeddable":true,"href":"https:\/\/www.radiocampusculturae.org\/es\/wp-json\/wp\/v2\/tags?post=2075"}],"curies":[{"name":"wp","href":"https:\/\/api.w.org\/{rel}","templated":true}]}}