{"id":2128,"date":"2017-04-06T21:05:06","date_gmt":"2017-04-06T19:05:06","guid":{"rendered":"http:\/\/www.radiocampusculturae.org\/?p=2128"},"modified":"2017-04-20T23:28:32","modified_gmt":"2017-04-20T21:28:32","slug":"entre-nos-e-as-palavras-001-06-04-2017","status":"publish","type":"post","link":"https:\/\/www.radiocampusculturae.org\/es\/blog\/entre-nos-e-as-palavras-001-06-04-2017\/","title":{"rendered":"Entre N\u00f3s E As Palavras 001 (06-04-2017)"},"content":{"rendered":"<p style=\"text-align: justify;\">Entre N\u00f3s E As Palavras es un programa de conversaciones con gente que hace cosas interesantes. Porque lo que hay que hacer es hacer.<br \/>\nEn este primer programa hablamos con <a href=\"http:\/\/mariayanez.eu\/\" target=\"_blank\">Mar\u00eda Y\u00e1\u00f1ez<\/a>, periodista todo-terreno, muy ligada siempre a internet y las nuevas v\u00edas de expresi\u00f3n y que intentar\u00e1 explicar a que se dedica repasando su trayectoria por prensa, televisi\u00f3n, cine&#8230;<br \/>\n<iframe loading=\"lazy\" id=\"audio_18001568\" style=\"border: 1px solid #EEE; box-sizing: border-box; width: 100%;\" src=\"https:\/\/www.ivoox.com\/player_ej_18001568_4_1.html?c1=ff6600\" width=\"300\" height=\"200\" frameborder=\"0\" scrolling=\"no\" allowfullscreen=\"allowfullscreen\"><\/iframe><\/p>\n","protected":false},"excerpt":{"rendered":"<p>Entre N\u00f3s E As Palavras es un programa de conversaciones con gente que hace cosas&#8230;<\/p>\n","protected":false},"author":1,"featured_media":0,"comment_status":"open","ping_status":"closed","sticky":false,"template":"","format":"standard","meta":{"footnotes":""},"categories":[],"tags":[],"class_list":["post-2128","post","type-post","status-publish","format-standard","hentry"],"translation":{"provider":"WPGlobus","version":"3.0.2","language":"es","enabled_languages":["gl","es"],"languages":{"gl":{"title":true,"content":true,"excerpt":false},"es":{"title":true,"content":true,"excerpt":false}}},"_links":{"self":[{"href":"https:\/\/www.radiocampusculturae.org\/es\/wp-json\/wp\/v2\/posts\/2128","targetHints":{"allow":["GET"]}}],"collection":[{"href":"https:\/\/www.radiocampusculturae.org\/es\/wp-json\/wp\/v2\/posts"}],"about":[{"href":"https:\/\/www.radiocampusculturae.org\/es\/wp-json\/wp\/v2\/types\/post"}],"author":[{"embeddable":true,"href":"https:\/\/www.radiocampusculturae.org\/es\/wp-json\/wp\/v2\/users\/1"}],"replies":[{"embeddable":true,"href":"https:\/\/www.radiocampusculturae.org\/es\/wp-json\/wp\/v2\/comments?post=2128"}],"version-history":[{"count":4,"href":"https:\/\/www.radiocampusculturae.org\/es\/wp-json\/wp\/v2\/posts\/2128\/revisions"}],"predecessor-version":[{"id":2203,"href":"https:\/\/www.radiocampusculturae.org\/es\/wp-json\/wp\/v2\/posts\/2128\/revisions\/2203"}],"wp:attachment":[{"href":"https:\/\/www.radiocampusculturae.org\/es\/wp-json\/wp\/v2\/media?parent=2128"}],"wp:term":[{"taxonomy":"category","embeddable":true,"href":"https:\/\/www.radiocampusculturae.org\/es\/wp-json\/wp\/v2\/categories?post=2128"},{"taxonomy":"post_tag","embeddable":true,"href":"https:\/\/www.radiocampusculturae.org\/es\/wp-json\/wp\/v2\/tags?post=2128"}],"curies":[{"name":"wp","href":"https:\/\/api.w.org\/{rel}","templated":true}]}}