{"id":2132,"date":"2017-04-06T19:04:59","date_gmt":"2017-04-06T17:04:59","guid":{"rendered":"http:\/\/www.radiocampusculturae.org\/?p=2132"},"modified":"2017-04-06T23:43:56","modified_gmt":"2017-04-06T21:43:56","slug":"buran-001-06-04-2017","status":"publish","type":"post","link":"https:\/\/www.radiocampusculturae.org\/es\/blog\/buran-001-06-04-2017\/","title":{"rendered":"Bur\u00e1n 001 (06-04-2017)"},"content":{"rendered":"<p style=\"text-align: justify;\">En el Bur\u00e1n de hoy la tripulaci\u00f3n reflexiona sobre el mito del vampiro. En \u00e9l seguimos las huellas del Dr\u00e1cula hist\u00f3rico por Ruman\u00eda, las enfermedades que pueden estar detr\u00e1s de la leyenda y, por supuesto, su recreaci\u00f3n literaria y su paso por el cine. Al mismo tiempo, algunos de los vampiros del mundo real sobrevuelan silenciosamente este primer viaje.<br \/>\n<iframe loading=\"lazy\" id=\"audio_18001472\" style=\"border: 1px solid #EEE; box-sizing: border-box; width: 100%;\" src=\"https:\/\/www.ivoox.com\/player_ej_18001472_4_1.html?c1=ff6600\" width=\"300\" height=\"200\" frameborder=\"0\" scrolling=\"no\" allowfullscreen=\"allowfullscreen\"><\/iframe><\/p>\n","protected":false},"excerpt":{"rendered":"<p>En el Bur\u00e1n de hoy la tripulaci\u00f3n reflexiona sobre el mito del vampiro. En \u00e9l&#8230;<\/p>\n","protected":false},"author":1,"featured_media":0,"comment_status":"open","ping_status":"closed","sticky":false,"template":"","format":"standard","meta":{"footnotes":""},"categories":[],"tags":[],"class_list":["post-2132","post","type-post","status-publish","format-standard","hentry"],"translation":{"provider":"WPGlobus","version":"3.0.2","language":"es","enabled_languages":["gl","es"],"languages":{"gl":{"title":true,"content":true,"excerpt":false},"es":{"title":true,"content":true,"excerpt":false}}},"_links":{"self":[{"href":"https:\/\/www.radiocampusculturae.org\/es\/wp-json\/wp\/v2\/posts\/2132","targetHints":{"allow":["GET"]}}],"collection":[{"href":"https:\/\/www.radiocampusculturae.org\/es\/wp-json\/wp\/v2\/posts"}],"about":[{"href":"https:\/\/www.radiocampusculturae.org\/es\/wp-json\/wp\/v2\/types\/post"}],"author":[{"embeddable":true,"href":"https:\/\/www.radiocampusculturae.org\/es\/wp-json\/wp\/v2\/users\/1"}],"replies":[{"embeddable":true,"href":"https:\/\/www.radiocampusculturae.org\/es\/wp-json\/wp\/v2\/comments?post=2132"}],"version-history":[{"count":2,"href":"https:\/\/www.radiocampusculturae.org\/es\/wp-json\/wp\/v2\/posts\/2132\/revisions"}],"predecessor-version":[{"id":2134,"href":"https:\/\/www.radiocampusculturae.org\/es\/wp-json\/wp\/v2\/posts\/2132\/revisions\/2134"}],"wp:attachment":[{"href":"https:\/\/www.radiocampusculturae.org\/es\/wp-json\/wp\/v2\/media?parent=2132"}],"wp:term":[{"taxonomy":"category","embeddable":true,"href":"https:\/\/www.radiocampusculturae.org\/es\/wp-json\/wp\/v2\/categories?post=2132"},{"taxonomy":"post_tag","embeddable":true,"href":"https:\/\/www.radiocampusculturae.org\/es\/wp-json\/wp\/v2\/tags?post=2132"}],"curies":[{"name":"wp","href":"https:\/\/api.w.org\/{rel}","templated":true}]}}