{"id":2179,"date":"2017-04-14T19:07:14","date_gmt":"2017-04-14T17:07:14","guid":{"rendered":"http:\/\/www.radiocampusculturae.org\/?p=2179"},"modified":"2019-01-22T21:27:57","modified_gmt":"2019-01-22T19:27:57","slug":"sexto-grao-003-14-04-2017","status":"publish","type":"post","link":"https:\/\/www.radiocampusculturae.org\/es\/blog\/sexto-grao-003-14-04-2017\/","title":{"rendered":"Sexto Grao 003 (14-04-2017) con Xos\u00e9 Lu\u00eds Barreiro"},"content":{"rendered":"<p style=\"text-align: justify;\">Hoy se somete al sexto grado Xos\u00e9 Luis Barreiro Rivas. Nacido en Forcarei en 1949, es un pol\u00edtico, polit\u00f3logo y escritor gallego. Particip\u00f3 de manera decisiva en la construcci\u00f3n de la autonom\u00eda institucional como Vice Presidente de la Xunta con Alianza Popular y luego con Coalici\u00f3n Galicia, que no llegar\u00eda a consolidarse como proyecto pol\u00edtico, lo que le llev\u00f3 a la salida de la pol\u00edtica institucional. En la actualidad es profesor de Ciencias Pol\u00edticas en la Universidad de Santiago de Compostela, periodista, columnista de opini\u00f3n en La Voz de Galicia, autor de muchos ensayos, libros, conversaciones, e incluso de un programa de entrevistas en la Televisi\u00f3n de Galicia.<br \/>\n<iframe loading=\"lazy\" id=\"audio_18147084\" style=\"border: 1px solid #EEE; box-sizing: border-box; width: 100%;\" src=\"https:\/\/www.ivoox.com\/player_ej_18147084_4_1.html?c1=ff6600\" width=\"300\" height=\"200\" frameborder=\"0\" scrolling=\"no\" allowfullscreen=\"allowfullscreen\"><\/iframe><\/p>\n","protected":false},"excerpt":{"rendered":"<p>Hoy se somete al sexto grado Xos\u00e9 Luis Barreiro Rivas. Nacido en Forcarei en 1949,&#8230;<\/p>\n","protected":false},"author":1,"featured_media":0,"comment_status":"open","ping_status":"closed","sticky":false,"template":"","format":"standard","meta":{"footnotes":""},"categories":[],"tags":[],"class_list":["post-2179","post","type-post","status-publish","format-standard","hentry"],"translation":{"provider":"WPGlobus","version":"3.0.2","language":"es","enabled_languages":["gl","es"],"languages":{"gl":{"title":true,"content":true,"excerpt":false},"es":{"title":true,"content":true,"excerpt":false}}},"_links":{"self":[{"href":"https:\/\/www.radiocampusculturae.org\/es\/wp-json\/wp\/v2\/posts\/2179","targetHints":{"allow":["GET"]}}],"collection":[{"href":"https:\/\/www.radiocampusculturae.org\/es\/wp-json\/wp\/v2\/posts"}],"about":[{"href":"https:\/\/www.radiocampusculturae.org\/es\/wp-json\/wp\/v2\/types\/post"}],"author":[{"embeddable":true,"href":"https:\/\/www.radiocampusculturae.org\/es\/wp-json\/wp\/v2\/users\/1"}],"replies":[{"embeddable":true,"href":"https:\/\/www.radiocampusculturae.org\/es\/wp-json\/wp\/v2\/comments?post=2179"}],"version-history":[{"count":3,"href":"https:\/\/www.radiocampusculturae.org\/es\/wp-json\/wp\/v2\/posts\/2179\/revisions"}],"predecessor-version":[{"id":2181,"href":"https:\/\/www.radiocampusculturae.org\/es\/wp-json\/wp\/v2\/posts\/2179\/revisions\/2181"}],"wp:attachment":[{"href":"https:\/\/www.radiocampusculturae.org\/es\/wp-json\/wp\/v2\/media?parent=2179"}],"wp:term":[{"taxonomy":"category","embeddable":true,"href":"https:\/\/www.radiocampusculturae.org\/es\/wp-json\/wp\/v2\/categories?post=2179"},{"taxonomy":"post_tag","embeddable":true,"href":"https:\/\/www.radiocampusculturae.org\/es\/wp-json\/wp\/v2\/tags?post=2179"}],"curies":[{"name":"wp","href":"https:\/\/api.w.org\/{rel}","templated":true}]}}