{"id":2297,"date":"2017-05-12T19:05:47","date_gmt":"2017-05-12T17:05:47","guid":{"rendered":"http:\/\/www.radiocampusculturae.org\/?p=2297"},"modified":"2019-01-22T21:27:43","modified_gmt":"2019-01-22T19:27:43","slug":"sexto-grao-005-12-05-2017","status":"publish","type":"post","link":"https:\/\/www.radiocampusculturae.org\/es\/blog\/sexto-grao-005-12-05-2017\/","title":{"rendered":"Sexto Grao 005 (12-05-2017) con Iria Veiga"},"content":{"rendered":"<p style=\"text-align: justify;\">Hoy se somete al sexto grado, <a href=\"https:\/\/twitter.com\/rainhavermella\" target=\"_blank\" rel=\"noopener noreferrer\">Iria Veiga<\/a>, con or\u00edgenes en Ferrolterra, actualmente residente de Santiago de Compostela, es m\u00e9dico psiquiatra, divulgadora cient\u00edfica en el blog \u00ab<a href=\"https:\/\/espello.gal\/\" target=\"_blank\" rel=\"noopener noreferrer\">O outro lado do espello<\/a>\u00bb y participante en <a href=\"http:\/\/eeep-compostela.blogspot.com.es\/\" target=\"_blank\" rel=\"noopener noreferrer\">Esc\u00e9pticos no Pub<\/a>, <a href=\"https:\/\/pintofscience.es\/\" target=\"_blank\" rel=\"noopener noreferrer\">Pint of Science<\/a> y otros. Colaboradora de <a href=\"http:\/\/praza.gal\/\" target=\"_blank\" rel=\"noopener noreferrer\">Praza P\u00fablica<\/a>, miembro de <a href=\"http:\/\/www.escepticos.es\/\" target=\"_blank\" rel=\"noopener noreferrer\">ARP-Sociedad para el Avance del Pensamiento Cr\u00edtico<\/a> y miembro destacado de <a href=\"http:\/\/movementogalegosaudemental.gal\/\" target=\"_blank\" rel=\"noopener noreferrer\">Movemento Galego pola Sa\u00fade Mental<\/a>. Es la reciente ganadora del <a href=\"http:\/\/www.carballo.org\/lingua\/novas.php?id=5067&#038;idioma=gl&#038;sec=55\" target=\"_blank\" rel=\"noopener noreferrer\">premio de art\u00edculos period\u00edsticos de la lengua gallega Concello de Carballo<\/a>. Hoy hablar\u00e1 de su mente y de la de los dem\u00e1s entre otros asuntos.<br \/>\n<iframe loading=\"lazy\" id=\"audio_18658258\" style=\"border: 1px solid #EEE; box-sizing: border-box; width: 100%;\" src=\"https:\/\/www.ivoox.com\/player_ej_18658258_4_1.html?c1=ff6600\" width=\"300\" height=\"200\" frameborder=\"0\" scrolling=\"no\" allowfullscreen=\"allowfullscreen\"><\/iframe><br \/>\n<strong>Tracklist: <\/strong><br \/>\nNirvana &#8211; Lithium<br \/>\nHiggs Boson Blues<br \/>\nDammi i colori &#8211; Recondita armonia<br \/>\nDisc Wars<br \/>\nMusical Offering &#8211; Canon 1 BWV 1079<br \/>\nSupermassive Black Hole<\/p>\n","protected":false},"excerpt":{"rendered":"<p>Hoy se somete al sexto grado, Iria Veiga, con or\u00edgenes en Ferrolterra, actualmente residente de&#8230;<\/p>\n","protected":false},"author":1,"featured_media":0,"comment_status":"open","ping_status":"closed","sticky":false,"template":"","format":"standard","meta":{"footnotes":""},"categories":[],"tags":[],"class_list":["post-2297","post","type-post","status-publish","format-standard","hentry"],"translation":{"provider":"WPGlobus","version":"3.0.2","language":"es","enabled_languages":["gl","es"],"languages":{"gl":{"title":true,"content":true,"excerpt":false},"es":{"title":true,"content":true,"excerpt":false}}},"_links":{"self":[{"href":"https:\/\/www.radiocampusculturae.org\/es\/wp-json\/wp\/v2\/posts\/2297","targetHints":{"allow":["GET"]}}],"collection":[{"href":"https:\/\/www.radiocampusculturae.org\/es\/wp-json\/wp\/v2\/posts"}],"about":[{"href":"https:\/\/www.radiocampusculturae.org\/es\/wp-json\/wp\/v2\/types\/post"}],"author":[{"embeddable":true,"href":"https:\/\/www.radiocampusculturae.org\/es\/wp-json\/wp\/v2\/users\/1"}],"replies":[{"embeddable":true,"href":"https:\/\/www.radiocampusculturae.org\/es\/wp-json\/wp\/v2\/comments?post=2297"}],"version-history":[{"count":4,"href":"https:\/\/www.radiocampusculturae.org\/es\/wp-json\/wp\/v2\/posts\/2297\/revisions"}],"predecessor-version":[{"id":2314,"href":"https:\/\/www.radiocampusculturae.org\/es\/wp-json\/wp\/v2\/posts\/2297\/revisions\/2314"}],"wp:attachment":[{"href":"https:\/\/www.radiocampusculturae.org\/es\/wp-json\/wp\/v2\/media?parent=2297"}],"wp:term":[{"taxonomy":"category","embeddable":true,"href":"https:\/\/www.radiocampusculturae.org\/es\/wp-json\/wp\/v2\/categories?post=2297"},{"taxonomy":"post_tag","embeddable":true,"href":"https:\/\/www.radiocampusculturae.org\/es\/wp-json\/wp\/v2\/tags?post=2297"}],"curies":[{"name":"wp","href":"https:\/\/api.w.org\/{rel}","templated":true}]}}