{"id":2328,"date":"2017-05-18T19:06:24","date_gmt":"2017-05-18T17:06:24","guid":{"rendered":"http:\/\/www.radiocampusculturae.org\/?p=2328"},"modified":"2017-05-19T01:08:30","modified_gmt":"2017-05-18T23:08:30","slug":"buran-003-18-05-2017","status":"publish","type":"post","link":"https:\/\/www.radiocampusculturae.org\/es\/blog\/buran-003-18-05-2017\/","title":{"rendered":"Buran 003 (18-05-2017)"},"content":{"rendered":"<p style=\"text-align: justify;\">Hoy en Bur\u00e1n hablamos de los cuentos y de las historias que provocaron diversos traumas en nuestra psique infantil. Desde los reversos tenebrosos de los cuentos populares hasta las lecturas obligatorias y la forma en la que arruinaron nuestra infancia y acabaron con nuestros sue\u00f1os, llev\u00e1ndonos a una vida de perdici\u00f3n y programas de radio.<br \/>\n<iframe id='audio_18775289' frameborder='0' allowfullscreen='' scrolling='no' height='200' style='border:1px solid #EEE; box-sizing:border-box; width:100%;' src=\"https:\/\/www.ivoox.com\/player_ej_18775289_4_1.html?c1=ff6600\"><\/iframe><\/p>\n","protected":false},"excerpt":{"rendered":"<p>Hoy en Bur\u00e1n hablamos de los cuentos y de las historias que provocaron diversos traumas&#8230;<\/p>\n","protected":false},"author":1,"featured_media":0,"comment_status":"open","ping_status":"closed","sticky":false,"template":"","format":"standard","meta":{"footnotes":""},"categories":[],"tags":[],"class_list":["post-2328","post","type-post","status-publish","format-standard","hentry"],"translation":{"provider":"WPGlobus","version":"3.0.2","language":"es","enabled_languages":["gl","es"],"languages":{"gl":{"title":true,"content":true,"excerpt":false},"es":{"title":true,"content":true,"excerpt":false}}},"_links":{"self":[{"href":"https:\/\/www.radiocampusculturae.org\/es\/wp-json\/wp\/v2\/posts\/2328","targetHints":{"allow":["GET"]}}],"collection":[{"href":"https:\/\/www.radiocampusculturae.org\/es\/wp-json\/wp\/v2\/posts"}],"about":[{"href":"https:\/\/www.radiocampusculturae.org\/es\/wp-json\/wp\/v2\/types\/post"}],"author":[{"embeddable":true,"href":"https:\/\/www.radiocampusculturae.org\/es\/wp-json\/wp\/v2\/users\/1"}],"replies":[{"embeddable":true,"href":"https:\/\/www.radiocampusculturae.org\/es\/wp-json\/wp\/v2\/comments?post=2328"}],"version-history":[{"count":2,"href":"https:\/\/www.radiocampusculturae.org\/es\/wp-json\/wp\/v2\/posts\/2328\/revisions"}],"predecessor-version":[{"id":2330,"href":"https:\/\/www.radiocampusculturae.org\/es\/wp-json\/wp\/v2\/posts\/2328\/revisions\/2330"}],"wp:attachment":[{"href":"https:\/\/www.radiocampusculturae.org\/es\/wp-json\/wp\/v2\/media?parent=2328"}],"wp:term":[{"taxonomy":"category","embeddable":true,"href":"https:\/\/www.radiocampusculturae.org\/es\/wp-json\/wp\/v2\/categories?post=2328"},{"taxonomy":"post_tag","embeddable":true,"href":"https:\/\/www.radiocampusculturae.org\/es\/wp-json\/wp\/v2\/tags?post=2328"}],"curies":[{"name":"wp","href":"https:\/\/api.w.org\/{rel}","templated":true}]}}