{"id":2859,"date":"2017-11-09T19:20:52","date_gmt":"2017-11-09T18:20:52","guid":{"rendered":"http:\/\/www.radiocampusculturae.org\/?p=2859"},"modified":"2017-11-14T14:13:31","modified_gmt":"2017-11-14T13:13:31","slug":"buran-008-09-11-2017","status":"publish","type":"post","link":"https:\/\/www.radiocampusculturae.org\/es\/blog\/buran-008-09-11-2017\/","title":{"rendered":"Bur\u00e1n 008 (09-11-2017)"},"content":{"rendered":"<p style=\"text-align: justify;\">Buran regresa en la segunda temporada hablando una vez m\u00e1s de vampiros, en esta ocasi\u00f3n con perspectiva contempor\u00e1nea. Hablamos del vampiro como ser problem\u00e1tico que se enfrenta a una naturaleza diferente, tambi\u00e9n como representaci\u00f3n de lo marginal y de su relaci\u00f3n con la sexualidad (especialmente con el lesbianismo). Y pasando por las versiones humor\u00edsticas y por aquellas propuestas que trataron de convertirlo en una fantas\u00eda conservadora. Movi\u00e9ndonos en la larga distancia que va de Cris Pav\u00f3n y Stephenie Meyer y con m\u00fasicas de Arctic Monkeys, Muse o Legi\u00e3o Urbana.<br \/>\n<iframe loading=\"lazy\" id=\"audio_22006083\" style=\"border: 1px solid #EEE; box-sizing: border-box; width: 100%;\" src=\"https:\/\/www.ivoox.com\/player_ej_22006083_4_1.html?c1=ff6600\" width=\"300\" height=\"200\" frameborder=\"0\" scrolling=\"no\" allowfullscreen=\"allowfullscreen\"><\/iframe><\/p>\n","protected":false},"excerpt":{"rendered":"<p>Buran regresa en la segunda temporada hablando una vez m\u00e1s de vampiros, en esta ocasi\u00f3n&#8230;<\/p>\n","protected":false},"author":1,"featured_media":0,"comment_status":"open","ping_status":"closed","sticky":false,"template":"","format":"standard","meta":{"footnotes":""},"categories":[],"tags":[],"class_list":["post-2859","post","type-post","status-publish","format-standard","hentry"],"translation":{"provider":"WPGlobus","version":"3.0.2","language":"es","enabled_languages":["gl","es"],"languages":{"gl":{"title":true,"content":true,"excerpt":false},"es":{"title":true,"content":true,"excerpt":false}}},"_links":{"self":[{"href":"https:\/\/www.radiocampusculturae.org\/es\/wp-json\/wp\/v2\/posts\/2859","targetHints":{"allow":["GET"]}}],"collection":[{"href":"https:\/\/www.radiocampusculturae.org\/es\/wp-json\/wp\/v2\/posts"}],"about":[{"href":"https:\/\/www.radiocampusculturae.org\/es\/wp-json\/wp\/v2\/types\/post"}],"author":[{"embeddable":true,"href":"https:\/\/www.radiocampusculturae.org\/es\/wp-json\/wp\/v2\/users\/1"}],"replies":[{"embeddable":true,"href":"https:\/\/www.radiocampusculturae.org\/es\/wp-json\/wp\/v2\/comments?post=2859"}],"version-history":[{"count":5,"href":"https:\/\/www.radiocampusculturae.org\/es\/wp-json\/wp\/v2\/posts\/2859\/revisions"}],"predecessor-version":[{"id":2901,"href":"https:\/\/www.radiocampusculturae.org\/es\/wp-json\/wp\/v2\/posts\/2859\/revisions\/2901"}],"wp:attachment":[{"href":"https:\/\/www.radiocampusculturae.org\/es\/wp-json\/wp\/v2\/media?parent=2859"}],"wp:term":[{"taxonomy":"category","embeddable":true,"href":"https:\/\/www.radiocampusculturae.org\/es\/wp-json\/wp\/v2\/categories?post=2859"},{"taxonomy":"post_tag","embeddable":true,"href":"https:\/\/www.radiocampusculturae.org\/es\/wp-json\/wp\/v2\/tags?post=2859"}],"curies":[{"name":"wp","href":"https:\/\/api.w.org\/{rel}","templated":true}]}}