{"id":3049,"date":"2017-12-14T19:02:42","date_gmt":"2017-12-14T17:02:42","guid":{"rendered":"http:\/\/www.radiocampusculturae.org\/?p=3049"},"modified":"2019-01-22T21:17:59","modified_gmt":"2019-01-22T19:17:59","slug":"buran-010-14-12-2017","status":"publish","type":"post","link":"https:\/\/www.radiocampusculturae.org\/es\/blog\/buran-010-14-12-2017\/","title":{"rendered":"Bur\u00e1n 010 (14-12-2017)"},"content":{"rendered":"<p style=\"text-align: justify;\">Se puede viajar en el tiempo? Es necesario un Delorean? Y si viajas en el tiempo y atropellas sin querer a tu propio abuelo o al de Manu Chao? De estas y de otras cuestiones tratamos en este programa: pastores que buscan ovejas perdidas, conspiraciones contra Rams\u00e9s II, m\u00e1quinas del tempo y utop\u00edas hechas realidad. Tambi\u00e9n os ense\u00f1aremos a distinguir el viaje en el tempo de los universos alternativos y entender por que el tiempo es una dimensi\u00f3n. Y todo a ritmo de Malandr\u00f3meda, Mano Negra, Joan Colomo y Moon Cresta.<\/p>\n<p><iframe id='audio_22648519' frameborder='0' allowfullscreen='' scrolling='no' height='200' style='border:1px solid #EEE; box-sizing:border-box; width:100%;' src=\"https:\/\/www.ivoox.com\/player_ej_22648519_4_1.html?c1=ff6600\"><\/iframe><\/p>\n","protected":false},"excerpt":{"rendered":"<p>Se puede viajar en el tiempo? Es necesario un Delorean? Y si viajas en el&#8230;<\/p>\n","protected":false},"author":1,"featured_media":0,"comment_status":"open","ping_status":"closed","sticky":false,"template":"","format":"standard","meta":{"footnotes":""},"categories":[],"tags":[],"class_list":["post-3049","post","type-post","status-publish","format-standard","hentry"],"translation":{"provider":"WPGlobus","version":"3.0.2","language":"es","enabled_languages":["gl","es"],"languages":{"gl":{"title":true,"content":true,"excerpt":false},"es":{"title":true,"content":true,"excerpt":false}}},"_links":{"self":[{"href":"https:\/\/www.radiocampusculturae.org\/es\/wp-json\/wp\/v2\/posts\/3049","targetHints":{"allow":["GET"]}}],"collection":[{"href":"https:\/\/www.radiocampusculturae.org\/es\/wp-json\/wp\/v2\/posts"}],"about":[{"href":"https:\/\/www.radiocampusculturae.org\/es\/wp-json\/wp\/v2\/types\/post"}],"author":[{"embeddable":true,"href":"https:\/\/www.radiocampusculturae.org\/es\/wp-json\/wp\/v2\/users\/1"}],"replies":[{"embeddable":true,"href":"https:\/\/www.radiocampusculturae.org\/es\/wp-json\/wp\/v2\/comments?post=3049"}],"version-history":[{"count":3,"href":"https:\/\/www.radiocampusculturae.org\/es\/wp-json\/wp\/v2\/posts\/3049\/revisions"}],"predecessor-version":[{"id":4243,"href":"https:\/\/www.radiocampusculturae.org\/es\/wp-json\/wp\/v2\/posts\/3049\/revisions\/4243"}],"wp:attachment":[{"href":"https:\/\/www.radiocampusculturae.org\/es\/wp-json\/wp\/v2\/media?parent=3049"}],"wp:term":[{"taxonomy":"category","embeddable":true,"href":"https:\/\/www.radiocampusculturae.org\/es\/wp-json\/wp\/v2\/categories?post=3049"},{"taxonomy":"post_tag","embeddable":true,"href":"https:\/\/www.radiocampusculturae.org\/es\/wp-json\/wp\/v2\/tags?post=3049"}],"curies":[{"name":"wp","href":"https:\/\/api.w.org\/{rel}","templated":true}]}}