{"id":3420,"date":"2018-03-15T23:22:12","date_gmt":"2018-03-15T22:22:12","guid":{"rendered":"http:\/\/www.radiocampusculturae.org\/?p=3420"},"modified":"2019-01-23T01:39:19","modified_gmt":"2019-01-22T23:39:19","slug":"aquelarre-15-03-2018","status":"publish","type":"post","link":"https:\/\/www.radiocampusculturae.org\/es\/blog\/aquelarre-15-03-2018\/","title":{"rendered":"Aquelarre (15-03-2018)"},"content":{"rendered":"<p style=\"text-align: justify;\">Aquelarre es el primer espacio feminista de Radio campUSCulturae. En este programa se debaten temas como los micromachismos, g\u00e9nero y educaci\u00f3n, medios de comunicaci\u00f3n y x\u00e9nero; y conciliaci\u00f3n y huelga del 8M con unas invitadas muy especiales de diferentes organizaciones feministas: Erguer Galiza, Curuxa y Plataforma Feminista Galega.<br \/>\n<strong>Presenta:<\/strong> Noelia Paz<\/p>\n<p><iframe loading=\"lazy\" id=\"audio_24542530\" style=\"border: 1px solid #EEE; box-sizing: border-box; width: 100%;\" src=\"https:\/\/www.ivoox.com\/player_ej_24542530_4_1.html?c1=ff6600\" width=\"300\" height=\"200\" frameborder=\"0\" scrolling=\"no\" allowfullscreen=\"allowfullscreen\"><\/iframe><\/p>\n","protected":false},"excerpt":{"rendered":"<p>Aquelarre es el primer espacio feminista de Radio campUSCulturae. En este programa se debaten temas&#8230;<\/p>\n","protected":false},"author":1,"featured_media":4324,"comment_status":"open","ping_status":"closed","sticky":false,"template":"","format":"standard","meta":{"footnotes":""},"categories":[],"tags":[],"class_list":["post-3420","post","type-post","status-publish","format-standard","has-post-thumbnail","hentry"],"translation":{"provider":"WPGlobus","version":"3.0.2","language":"es","enabled_languages":["gl","es"],"languages":{"gl":{"title":true,"content":true,"excerpt":false},"es":{"title":true,"content":true,"excerpt":false}}},"_links":{"self":[{"href":"https:\/\/www.radiocampusculturae.org\/es\/wp-json\/wp\/v2\/posts\/3420","targetHints":{"allow":["GET"]}}],"collection":[{"href":"https:\/\/www.radiocampusculturae.org\/es\/wp-json\/wp\/v2\/posts"}],"about":[{"href":"https:\/\/www.radiocampusculturae.org\/es\/wp-json\/wp\/v2\/types\/post"}],"author":[{"embeddable":true,"href":"https:\/\/www.radiocampusculturae.org\/es\/wp-json\/wp\/v2\/users\/1"}],"replies":[{"embeddable":true,"href":"https:\/\/www.radiocampusculturae.org\/es\/wp-json\/wp\/v2\/comments?post=3420"}],"version-history":[{"count":4,"href":"https:\/\/www.radiocampusculturae.org\/es\/wp-json\/wp\/v2\/posts\/3420\/revisions"}],"predecessor-version":[{"id":4347,"href":"https:\/\/www.radiocampusculturae.org\/es\/wp-json\/wp\/v2\/posts\/3420\/revisions\/4347"}],"wp:featuredmedia":[{"embeddable":true,"href":"https:\/\/www.radiocampusculturae.org\/es\/wp-json\/wp\/v2\/media\/4324"}],"wp:attachment":[{"href":"https:\/\/www.radiocampusculturae.org\/es\/wp-json\/wp\/v2\/media?parent=3420"}],"wp:term":[{"taxonomy":"category","embeddable":true,"href":"https:\/\/www.radiocampusculturae.org\/es\/wp-json\/wp\/v2\/categories?post=3420"},{"taxonomy":"post_tag","embeddable":true,"href":"https:\/\/www.radiocampusculturae.org\/es\/wp-json\/wp\/v2\/tags?post=3420"}],"curies":[{"name":"wp","href":"https:\/\/api.w.org\/{rel}","templated":true}]}}