{"id":3480,"date":"2018-03-26T22:16:09","date_gmt":"2018-03-26T21:16:09","guid":{"rendered":"http:\/\/www.radiocampusculturae.org\/?p=3480"},"modified":"2018-03-26T23:27:55","modified_gmt":"2018-03-26T21:27:55","slug":"planeta-obra-214-26-03-2018","status":"publish","type":"post","link":"https:\/\/www.radiocampusculturae.org\/es\/blog\/planeta-obra-214-26-03-2018\/","title":{"rendered":"Planeta Obra 214 (26-03-2018)"},"content":{"rendered":"<p style=\"text-align: justify;\">Manu Planetario, Rosendo Otero y Tomas Aldrey analizan la derrota del Obradoiro frente al Bar\u00e7a. Adem\u00e1s, charlamos con Jairo Mart\u00ednez, de la Pe\u00f1a Andr\u00e9s Montes del Burgos.<br \/>\n<iframe loading=\"lazy\" id=\"audio_24814760\" style=\"border: 1px solid #EEE; box-sizing: border-box; width: 100%;\" src=\"https:\/\/www.ivoox.com\/player_ej_24814760_4_1.html?c1=ff6600\" width=\"300\" height=\"200\" frameborder=\"0\" scrolling=\"no\" allowfullscreen=\"allowfullscreen\"><\/iframe><\/p>\n","protected":false},"excerpt":{"rendered":"<p>Manu Planetario, Rosendo Otero y Tomas Aldrey analizan la derrota del Obradoiro frente al Bar\u00e7a&#8230;.<\/p>\n","protected":false},"author":1,"featured_media":0,"comment_status":"open","ping_status":"closed","sticky":false,"template":"","format":"standard","meta":{"footnotes":""},"categories":[],"tags":[],"class_list":["post-3480","post","type-post","status-publish","format-standard","hentry"],"translation":{"provider":"WPGlobus","version":"3.0.2","language":"es","enabled_languages":["gl","es"],"languages":{"gl":{"title":true,"content":true,"excerpt":false},"es":{"title":true,"content":true,"excerpt":false}}},"_links":{"self":[{"href":"https:\/\/www.radiocampusculturae.org\/es\/wp-json\/wp\/v2\/posts\/3480","targetHints":{"allow":["GET"]}}],"collection":[{"href":"https:\/\/www.radiocampusculturae.org\/es\/wp-json\/wp\/v2\/posts"}],"about":[{"href":"https:\/\/www.radiocampusculturae.org\/es\/wp-json\/wp\/v2\/types\/post"}],"author":[{"embeddable":true,"href":"https:\/\/www.radiocampusculturae.org\/es\/wp-json\/wp\/v2\/users\/1"}],"replies":[{"embeddable":true,"href":"https:\/\/www.radiocampusculturae.org\/es\/wp-json\/wp\/v2\/comments?post=3480"}],"version-history":[{"count":4,"href":"https:\/\/www.radiocampusculturae.org\/es\/wp-json\/wp\/v2\/posts\/3480\/revisions"}],"predecessor-version":[{"id":3492,"href":"https:\/\/www.radiocampusculturae.org\/es\/wp-json\/wp\/v2\/posts\/3480\/revisions\/3492"}],"wp:attachment":[{"href":"https:\/\/www.radiocampusculturae.org\/es\/wp-json\/wp\/v2\/media?parent=3480"}],"wp:term":[{"taxonomy":"category","embeddable":true,"href":"https:\/\/www.radiocampusculturae.org\/es\/wp-json\/wp\/v2\/categories?post=3480"},{"taxonomy":"post_tag","embeddable":true,"href":"https:\/\/www.radiocampusculturae.org\/es\/wp-json\/wp\/v2\/tags?post=3480"}],"curies":[{"name":"wp","href":"https:\/\/api.w.org\/{rel}","templated":true}]}}