{"id":3603,"date":"2018-04-12T22:02:41","date_gmt":"2018-04-12T20:02:41","guid":{"rendered":"http:\/\/www.radiocampusculturae.org\/?p=3603"},"modified":"2018-04-14T13:38:15","modified_gmt":"2018-04-14T11:38:15","slug":"la-butaca-indiscreta-013-12-04-2018","status":"publish","type":"post","link":"https:\/\/www.radiocampusculturae.org\/es\/blog\/la-butaca-indiscreta-013-12-04-2018\/","title":{"rendered":"La Butaca Indiscreta 013 (12-04-2018)"},"content":{"rendered":"<p style=\"text-align: justify;\">En el programa de hoy comentaremos El hombre elefante, de David Lynch y recordaremos a Isao Takahata, cofundador de Studio Ghibli, que falleci\u00f3 la semana pasada a los 82 a\u00f1os de edad. Antonio nos hablar\u00e1 de fantas\u00eda con Harry Potter o El Se\u00f1or de los anillos y sus tocayos literarios. Ant\u00f3n traer\u00e1 su quiz de bandas sonoras y Guille y \u00c1ntar nos hablar\u00e1n de una peli muy importante y de un actor especial para cada uno respectivamente. Os esperamos, como siempre, en La Butaca Indiscreta.<br \/>\n<iframe loading=\"lazy\" id=\"audio_25324565\" style=\"border: 1px solid #EEE; box-sizing: border-box; width: 100%;\" src=\"https:\/\/www.ivoox.com\/player_ej_25324565_4_1.html?c1=ff6600\" width=\"300\" height=\"200\" frameborder=\"0\" scrolling=\"no\" allowfullscreen=\"allowfullscreen\"><\/iframe><\/p>\n","protected":false},"excerpt":{"rendered":"<p>En el programa de hoy comentaremos El hombre elefante, de David Lynch y recordaremos a&#8230;<\/p>\n","protected":false},"author":1,"featured_media":0,"comment_status":"open","ping_status":"closed","sticky":false,"template":"","format":"standard","meta":{"footnotes":""},"categories":[],"tags":[],"class_list":["post-3603","post","type-post","status-publish","format-standard","hentry"],"translation":{"provider":"WPGlobus","version":"3.0.2","language":"es","enabled_languages":["gl","es"],"languages":{"gl":{"title":true,"content":true,"excerpt":false},"es":{"title":true,"content":true,"excerpt":false}}},"_links":{"self":[{"href":"https:\/\/www.radiocampusculturae.org\/es\/wp-json\/wp\/v2\/posts\/3603","targetHints":{"allow":["GET"]}}],"collection":[{"href":"https:\/\/www.radiocampusculturae.org\/es\/wp-json\/wp\/v2\/posts"}],"about":[{"href":"https:\/\/www.radiocampusculturae.org\/es\/wp-json\/wp\/v2\/types\/post"}],"author":[{"embeddable":true,"href":"https:\/\/www.radiocampusculturae.org\/es\/wp-json\/wp\/v2\/users\/1"}],"replies":[{"embeddable":true,"href":"https:\/\/www.radiocampusculturae.org\/es\/wp-json\/wp\/v2\/comments?post=3603"}],"version-history":[{"count":4,"href":"https:\/\/www.radiocampusculturae.org\/es\/wp-json\/wp\/v2\/posts\/3603\/revisions"}],"predecessor-version":[{"id":3615,"href":"https:\/\/www.radiocampusculturae.org\/es\/wp-json\/wp\/v2\/posts\/3603\/revisions\/3615"}],"wp:attachment":[{"href":"https:\/\/www.radiocampusculturae.org\/es\/wp-json\/wp\/v2\/media?parent=3603"}],"wp:term":[{"taxonomy":"category","embeddable":true,"href":"https:\/\/www.radiocampusculturae.org\/es\/wp-json\/wp\/v2\/categories?post=3603"},{"taxonomy":"post_tag","embeddable":true,"href":"https:\/\/www.radiocampusculturae.org\/es\/wp-json\/wp\/v2\/tags?post=3603"}],"curies":[{"name":"wp","href":"https:\/\/api.w.org\/{rel}","templated":true}]}}