{"id":3649,"date":"2018-04-19T22:08:42","date_gmt":"2018-04-19T20:08:42","guid":{"rendered":"http:\/\/www.radiocampusculturae.org\/?p=3649"},"modified":"2018-04-20T03:13:44","modified_gmt":"2018-04-20T01:13:44","slug":"la-butaca-indiscreta-014-19-04-2018","status":"publish","type":"post","link":"https:\/\/www.radiocampusculturae.org\/es\/blog\/la-butaca-indiscreta-014-19-04-2018\/","title":{"rendered":"La Butaca Indiscreta 014 (19-04-2018)"},"content":{"rendered":"<p style=\"text-align: justify;\">Despu\u00e9s de ciertos problemas t\u00e9cnicos, posponemos Amadeus para la semana que viene, no sin antes recordar y repasar la trayectoria de su recientemente fallecido director, Milos Forman. Comentaremos El Fant\u00e1stico Sr. Fox, film de Wes Anderson, Antonio nos hablar\u00e1 de literatura cl\u00e1sica y cine, \u00c1ntar nos acercar\u00e1 a la carrera de Viggo Mortensen, Ant\u00f3n nos traer\u00e1 nuevas bandas sonoras para jugar a su quiz y Guille nos contar\u00e1 alguna de las escenas improvisadas m\u00e1s conocidas (y otras no tanto). \u00a1Os esperamos, como siempre, en La Butaca Indiscreta!<br \/>\n<iframe loading=\"lazy\" id=\"audio_25512208\" style=\"border: 1px solid #EEE; box-sizing: border-box; width: 100%;\" src=\"https:\/\/www.ivoox.com\/player_ej_25512208_4_1.html?c1=ff6600\" width=\"300\" height=\"200\" frameborder=\"0\" scrolling=\"no\" allowfullscreen=\"allowfullscreen\"><\/iframe><\/p>\n","protected":false},"excerpt":{"rendered":"<p>Despu\u00e9s de ciertos problemas t\u00e9cnicos, posponemos Amadeus para la semana que viene, no sin antes&#8230;<\/p>\n","protected":false},"author":1,"featured_media":0,"comment_status":"open","ping_status":"closed","sticky":false,"template":"","format":"standard","meta":{"footnotes":""},"categories":[],"tags":[],"class_list":["post-3649","post","type-post","status-publish","format-standard","hentry"],"translation":{"provider":"WPGlobus","version":"3.0.2","language":"es","enabled_languages":["gl","es"],"languages":{"gl":{"title":true,"content":true,"excerpt":false},"es":{"title":true,"content":true,"excerpt":false}}},"_links":{"self":[{"href":"https:\/\/www.radiocampusculturae.org\/es\/wp-json\/wp\/v2\/posts\/3649","targetHints":{"allow":["GET"]}}],"collection":[{"href":"https:\/\/www.radiocampusculturae.org\/es\/wp-json\/wp\/v2\/posts"}],"about":[{"href":"https:\/\/www.radiocampusculturae.org\/es\/wp-json\/wp\/v2\/types\/post"}],"author":[{"embeddable":true,"href":"https:\/\/www.radiocampusculturae.org\/es\/wp-json\/wp\/v2\/users\/1"}],"replies":[{"embeddable":true,"href":"https:\/\/www.radiocampusculturae.org\/es\/wp-json\/wp\/v2\/comments?post=3649"}],"version-history":[{"count":2,"href":"https:\/\/www.radiocampusculturae.org\/es\/wp-json\/wp\/v2\/posts\/3649\/revisions"}],"predecessor-version":[{"id":3651,"href":"https:\/\/www.radiocampusculturae.org\/es\/wp-json\/wp\/v2\/posts\/3649\/revisions\/3651"}],"wp:attachment":[{"href":"https:\/\/www.radiocampusculturae.org\/es\/wp-json\/wp\/v2\/media?parent=3649"}],"wp:term":[{"taxonomy":"category","embeddable":true,"href":"https:\/\/www.radiocampusculturae.org\/es\/wp-json\/wp\/v2\/categories?post=3649"},{"taxonomy":"post_tag","embeddable":true,"href":"https:\/\/www.radiocampusculturae.org\/es\/wp-json\/wp\/v2\/tags?post=3649"}],"curies":[{"name":"wp","href":"https:\/\/api.w.org\/{rel}","templated":true}]}}