{"id":3655,"date":"2018-04-23T22:31:23","date_gmt":"2018-04-23T20:31:23","guid":{"rendered":"http:\/\/www.radiocampusculturae.org\/?p=3655"},"modified":"2018-04-24T00:40:39","modified_gmt":"2018-04-23T22:40:39","slug":"antonio-lopez-novo-reitor-da-usc","status":"publish","type":"post","link":"https:\/\/www.radiocampusculturae.org\/es\/blog\/antonio-lopez-novo-reitor-da-usc\/","title":{"rendered":"Antonio L\u00f3pez, nuevo rector de la USC"},"content":{"rendered":"<figure id=\"attachment_3656\" aria-describedby=\"caption-attachment-3656\" style=\"width: 250px\" class=\"wp-caption alignleft\"><a href=\"http:\/\/www.radiocampusculturae.org\/wp-content\/uploads\/2018\/04\/Antonio-Lopez.jpg\"><img loading=\"lazy\" decoding=\"async\" class=\"wp-image-3656\" src=\"http:\/\/www.radiocampusculturae.org\/wp-content\/uploads\/2018\/04\/Antonio-Lopez-300x200.jpg\" alt=\"Antonio Lopez, novo reitor da USC\" width=\"250\" height=\"167\" srcset=\"https:\/\/www.radiocampusculturae.org\/wp-content\/uploads\/2018\/04\/Antonio-Lopez-300x200.jpg 300w, https:\/\/www.radiocampusculturae.org\/wp-content\/uploads\/2018\/04\/Antonio-Lopez-120x80.jpg 120w, https:\/\/www.radiocampusculturae.org\/wp-content\/uploads\/2018\/04\/Antonio-Lopez.jpg 500w\" sizes=\"auto, (max-width: 250px) 100vw, 250px\" \/><\/a><figcaption id=\"caption-attachment-3656\" class=\"wp-caption-text\">Antonio Lopez, novo reitor da USC<\/figcaption><\/figure>\n<p style=\"text-align: justify;\">El\u00a0catedr\u00e1tico de Derecho Financero\u00a0y Tributario Antonio L\u00f3pez fue\u00a0elegido rector de la Universidad de Santiago de Compostela en una <a href=\"https:\/\/aplicacions.usc.es\/eleccions\/verEscrutinio.htm\" target=\"_blank\" rel=\"noopener noreferrer\">votaci\u00f3n<\/a> en la que obtuvo un total de <strong>3.474 votos<\/strong>, frente a los 1.746 del candidato, y hasta ahora rector, Juan Via\u00f1o. En t\u00e9rminos de voto ponderado, <strong>L\u00f3pez\u00a0alcanz\u00f3\u00a0el 62,66%<\/strong>.<\/p>\n<p style=\"text-align: justify;\">La\u00a0<strong>participaci\u00f3n total fue del 20.73%<\/strong>. Dato condicionado por la, una vez m\u00e1s, <strong>baja participaci\u00f3n del alumnado<\/strong>\u00a0que en esta ocasi\u00f3n fue del\u00a012.56%<\/p>\n<p><!--more--><\/p>\n<p style=\"text-align: justify;\">El\u00a0equipo\u00a0que acompa\u00f1ar\u00e1\u00a0a Antonio L\u00f3pez en esta nueva etapa de la USC\u00a0 est\u00e1 compuesto por <strong>V\u00edctor Arce V\u00e1zquez<\/strong> (Estudiantes e Internacionalizaci\u00f3n), <strong>Celia Besteiro Rodr\u00edguez<\/strong> (Organizaci\u00f3n Acad\u00e9mica), <strong>Gumersindo Feijoo Costa<\/strong> (Planificaci\u00f3n\u00a0y Proyecci\u00f3n Extrat\u00e9gica), <strong>Dulce Garc\u00eda Mella<\/strong> (Secretar\u00eda General), <strong>Ernesto Gonz\u00e1lez Seoane<\/strong> (Profesorado), <strong>Mar Lorenzo Moledo<\/strong> (Comunicaci\u00f3n, Cultura\u00a0y Servicios),<strong> M\u00aa Victoria Otero Espinar<\/strong> (Titulaciones), <strong>Vicente P\u00e9rez Mu\u00f1uzuri<\/strong> (Investigaci\u00f3n e Innovaci\u00f3n)\u00a0y <strong>Montserrat Valc\u00e1rcel Armesto<\/strong> (Coordinaci\u00f3n del Campus de Lugo).<\/p>\n<p style=\"text-align: justify;\">Antonio L\u00f3pez, natural de Barreiros, obtuvo su licenciatura en la Facultad compostelana de Derecho en 1986\u00a0y cinco a\u00f1os\u00a0despu\u00e9s alcanzar\u00eda\u00a0el grado de doctor en esta misma universidad. Desarroll\u00f3 una intensa carrera docente e investigadora con numerosas publicaciones\u00a0y estad\u00edas en las universidades de S\u00e3o Paulo, Montevideo\u00a0y Bolo\u00f1a.<\/p>\n<p style=\"text-align: justify;\">Es\u00a0miembro de diversas asociaciones relacionadas con\u00a0su especialidad, entre ellas la Asociaci\u00f3n Espa\u00f1ola de Profesores de Derecho Financeiro, la Asociaci\u00f3n Espa\u00f1ola de Asesores Fiscales\u00a0y\u00a0la European Association of Tax Law Professors. En la USC, desempe\u00f1\u00f3\u00a0los cargos de director del Departamento de Derecho P\u00fablico Especial, secretario de la Comisi\u00f3n de Doctorado, vicerrector de Coordinaci\u00f3n del Campus de Compostela\u00a0y\u00a0vicerrector de Gesti\u00f3n de Infraestruturas (1998-2002)\u00a0y decano de la Facultad (2005-2007).<\/p>\n<p style=\"text-align: justify;\">Tras la proclamaci\u00f3n provisional del rector\u00a0el pr\u00f3ximo 26 de abril, se abrir\u00e1 un plazo \u2013entre el 27 de abril\u00a0y el 2 de mayo\u2013 para la presentaci\u00f3n de recursos ante la Comisi\u00f3n Electoral Central.\u00a0<strong>La proclamaci\u00f3n definitiva del rector electo\u00a0se celebrar\u00e1 el d\u00eda 7 de mayo<\/strong>.<\/p>\n","protected":false},"excerpt":{"rendered":"<p>O catedr\u00e1tico de Dereito Financeiro e Tributario Antonio L\u00f3pez resultou elixido reitor da Universidade de&#8230;<\/p>\n","protected":false},"author":1,"featured_media":0,"comment_status":"open","ping_status":"closed","sticky":false,"template":"","format":"standard","meta":{"footnotes":""},"categories":[],"tags":[],"class_list":["post-3655","post","type-post","status-publish","format-standard","hentry"],"translation":{"provider":"WPGlobus","version":"3.0.2","language":"es","enabled_languages":["gl","es"],"languages":{"gl":{"title":true,"content":true,"excerpt":false},"es":{"title":true,"content":true,"excerpt":false}}},"_links":{"self":[{"href":"https:\/\/www.radiocampusculturae.org\/es\/wp-json\/wp\/v2\/posts\/3655","targetHints":{"allow":["GET"]}}],"collection":[{"href":"https:\/\/www.radiocampusculturae.org\/es\/wp-json\/wp\/v2\/posts"}],"about":[{"href":"https:\/\/www.radiocampusculturae.org\/es\/wp-json\/wp\/v2\/types\/post"}],"author":[{"embeddable":true,"href":"https:\/\/www.radiocampusculturae.org\/es\/wp-json\/wp\/v2\/users\/1"}],"replies":[{"embeddable":true,"href":"https:\/\/www.radiocampusculturae.org\/es\/wp-json\/wp\/v2\/comments?post=3655"}],"version-history":[{"count":6,"href":"https:\/\/www.radiocampusculturae.org\/es\/wp-json\/wp\/v2\/posts\/3655\/revisions"}],"predecessor-version":[{"id":3658,"href":"https:\/\/www.radiocampusculturae.org\/es\/wp-json\/wp\/v2\/posts\/3655\/revisions\/3658"}],"wp:attachment":[{"href":"https:\/\/www.radiocampusculturae.org\/es\/wp-json\/wp\/v2\/media?parent=3655"}],"wp:term":[{"taxonomy":"category","embeddable":true,"href":"https:\/\/www.radiocampusculturae.org\/es\/wp-json\/wp\/v2\/categories?post=3655"},{"taxonomy":"post_tag","embeddable":true,"href":"https:\/\/www.radiocampusculturae.org\/es\/wp-json\/wp\/v2\/tags?post=3655"}],"curies":[{"name":"wp","href":"https:\/\/api.w.org\/{rel}","templated":true}]}}