{"id":3706,"date":"2018-05-04T19:05:32","date_gmt":"2018-05-04T17:05:32","guid":{"rendered":"http:\/\/www.radiocampusculturae.org\/?p=3706"},"modified":"2019-04-06T19:52:16","modified_gmt":"2019-04-06T17:52:16","slug":"sexto-grao-009-04-05-2018-con-oscar-anton-perez","status":"publish","type":"post","link":"https:\/\/www.radiocampusculturae.org\/es\/blog\/sexto-grao-009-04-05-2018-con-oscar-anton-perez\/","title":{"rendered":"Sexto Grao 010 (04-05-2018), con Oscar Ant\u00f3n Perez"},"content":{"rendered":"<p style=\"text-align: justify;\">Hoy se somete al sexto grado&#8230; Oscar Ant\u00f3n Perez, nacido en la parroquia de Oir\u00e1n en Mondo\u00f1edo, hijo de campesinos y de un tiempo de luchas sociales, no dubid\u00f3 en formarse como Ingeniero T\u00e9cnico Agr\u00edcola y en envolverse en movimientos culturales, sociales y pol\u00edticos. Actualmente trabaja como asesor de la denominaci\u00f3n de Origen Protegida del Pimiento de Herb\u00f3n y redactor t\u00e9cnico de la revista Afriga, entre otros muchos. Preocupado por su pa\u00eds y por su tiempo, escribe art\u00edculos de opini\u00f3n en <a href=\"http:\/\/praza.gal\/perfil\/274\/oscar-anton-perez-garcia\/\" target=\"_blank\" rel=\"noopener noreferrer\">Praza.gal<\/a> y en su blog Acheite.<br \/>\n<iframe loading=\"lazy\" id=\"audio_25792330\" style=\"border: 1px solid #EEE; box-sizing: border-box; width: 100%;\" src=\"https:\/\/www.ivoox.com\/player_ej_25792330_4_1.html?c1=ff6600\" width=\"300\" height=\"200\" frameborder=\"0\" scrolling=\"no\" allowfullscreen=\"allowfullscreen\"><\/iframe> <!--more--><\/p>\n<p>Playlist de Oscar Ant\u00f3n Perez:<br \/>\nTratorada. Rastreros. Disco Union Brav\u00fa. 1996<br \/>\nO meu amor, Leilia. Madama. 2003<br \/>\nRock And Roll. Led Zeppelin. Led zeppelin IV. 1971<br \/>\nO viramundo. Beth\u00e2nia, Vinicius, Toquinho. La Fusa. 1972<br \/>\nAlborada Jazz. Guadi Galego, Anxo Angueira e Abe R\u00e1bade. Disco Rosalia 21. Ano 2009<\/p>\n","protected":false},"excerpt":{"rendered":"<p>Hoxe som\u00e9tese ao sexto grao&#8230; Oscar Ant\u00f3n Perez, nado na parroquia de Oir\u00e1n en Mondo\u00f1edo,&#8230;<\/p>\n","protected":false},"author":1,"featured_media":0,"comment_status":"open","ping_status":"closed","sticky":false,"template":"","format":"standard","meta":{"footnotes":""},"categories":[],"tags":[],"class_list":["post-3706","post","type-post","status-publish","format-standard","hentry"],"translation":{"provider":"WPGlobus","version":"3.0.2","language":"es","enabled_languages":["gl","es"],"languages":{"gl":{"title":true,"content":true,"excerpt":false},"es":{"title":true,"content":true,"excerpt":false}}},"_links":{"self":[{"href":"https:\/\/www.radiocampusculturae.org\/es\/wp-json\/wp\/v2\/posts\/3706","targetHints":{"allow":["GET"]}}],"collection":[{"href":"https:\/\/www.radiocampusculturae.org\/es\/wp-json\/wp\/v2\/posts"}],"about":[{"href":"https:\/\/www.radiocampusculturae.org\/es\/wp-json\/wp\/v2\/types\/post"}],"author":[{"embeddable":true,"href":"https:\/\/www.radiocampusculturae.org\/es\/wp-json\/wp\/v2\/users\/1"}],"replies":[{"embeddable":true,"href":"https:\/\/www.radiocampusculturae.org\/es\/wp-json\/wp\/v2\/comments?post=3706"}],"version-history":[{"count":3,"href":"https:\/\/www.radiocampusculturae.org\/es\/wp-json\/wp\/v2\/posts\/3706\/revisions"}],"predecessor-version":[{"id":4596,"href":"https:\/\/www.radiocampusculturae.org\/es\/wp-json\/wp\/v2\/posts\/3706\/revisions\/4596"}],"wp:attachment":[{"href":"https:\/\/www.radiocampusculturae.org\/es\/wp-json\/wp\/v2\/media?parent=3706"}],"wp:term":[{"taxonomy":"category","embeddable":true,"href":"https:\/\/www.radiocampusculturae.org\/es\/wp-json\/wp\/v2\/categories?post=3706"},{"taxonomy":"post_tag","embeddable":true,"href":"https:\/\/www.radiocampusculturae.org\/es\/wp-json\/wp\/v2\/tags?post=3706"}],"curies":[{"name":"wp","href":"https:\/\/api.w.org\/{rel}","templated":true}]}}