{"id":3795,"date":"2018-05-21T23:10:34","date_gmt":"2018-05-21T21:10:34","guid":{"rendered":"http:\/\/www.radiocampusculturae.org\/?p=3795"},"modified":"2019-01-22T21:12:00","modified_gmt":"2019-01-22T19:12:00","slug":"pementa-preta-001-21-05-2018","status":"publish","type":"post","link":"https:\/\/www.radiocampusculturae.org\/es\/blog\/pementa-preta-001-21-05-2018\/","title":{"rendered":"Pementa Preta 001 (21-05-2018)"},"content":{"rendered":"<p style=\"text-align: justify;\">Primera edici\u00f3n de Pementa Preta en Radio campUSCulturae. Programa en el que hacemos girar, sobre todo, m\u00fasica negra, soul, funk, funky, disco, jazz&#8230; con alguna que otra entrevista y secciones de recomendaci\u00f3n de discos, libros sobre m\u00fasica y agenda cultural.<\/p>\n<p><iframe id='audio_26096601' frameborder='0' allowfullscreen='' scrolling='no' height='200' style='border:1px solid #EEE; box-sizing:border-box; width:100%;' src=\"https:\/\/www.ivoox.com\/player_ej_26096601_4_1.html?c1=ff6600\"><\/iframe><\/p>\n","protected":false},"excerpt":{"rendered":"<p>Primera edici\u00f3n de Pementa Preta en Radio campUSCulturae. Programa en el que hacemos girar, sobre&#8230;<\/p>\n","protected":false},"author":1,"featured_media":0,"comment_status":"open","ping_status":"closed","sticky":false,"template":"","format":"standard","meta":{"footnotes":""},"categories":[],"tags":[],"class_list":["post-3795","post","type-post","status-publish","format-standard","hentry"],"translation":{"provider":"WPGlobus","version":"3.0.2","language":"es","enabled_languages":["gl","es"],"languages":{"gl":{"title":true,"content":true,"excerpt":false},"es":{"title":true,"content":true,"excerpt":false}}},"_links":{"self":[{"href":"https:\/\/www.radiocampusculturae.org\/es\/wp-json\/wp\/v2\/posts\/3795","targetHints":{"allow":["GET"]}}],"collection":[{"href":"https:\/\/www.radiocampusculturae.org\/es\/wp-json\/wp\/v2\/posts"}],"about":[{"href":"https:\/\/www.radiocampusculturae.org\/es\/wp-json\/wp\/v2\/types\/post"}],"author":[{"embeddable":true,"href":"https:\/\/www.radiocampusculturae.org\/es\/wp-json\/wp\/v2\/users\/1"}],"replies":[{"embeddable":true,"href":"https:\/\/www.radiocampusculturae.org\/es\/wp-json\/wp\/v2\/comments?post=3795"}],"version-history":[{"count":2,"href":"https:\/\/www.radiocampusculturae.org\/es\/wp-json\/wp\/v2\/posts\/3795\/revisions"}],"predecessor-version":[{"id":3797,"href":"https:\/\/www.radiocampusculturae.org\/es\/wp-json\/wp\/v2\/posts\/3795\/revisions\/3797"}],"wp:attachment":[{"href":"https:\/\/www.radiocampusculturae.org\/es\/wp-json\/wp\/v2\/media?parent=3795"}],"wp:term":[{"taxonomy":"category","embeddable":true,"href":"https:\/\/www.radiocampusculturae.org\/es\/wp-json\/wp\/v2\/categories?post=3795"},{"taxonomy":"post_tag","embeddable":true,"href":"https:\/\/www.radiocampusculturae.org\/es\/wp-json\/wp\/v2\/tags?post=3795"}],"curies":[{"name":"wp","href":"https:\/\/api.w.org\/{rel}","templated":true}]}}