{"id":3821,"date":"2018-05-27T01:34:28","date_gmt":"2018-05-26T23:34:28","guid":{"rendered":"http:\/\/www.radiocampusculturae.org\/?p=3821"},"modified":"2019-01-22T21:13:12","modified_gmt":"2019-01-22T19:13:12","slug":"atlantis-stelae-029-26-05-2018","status":"publish","type":"post","link":"https:\/\/www.radiocampusculturae.org\/es\/blog\/atlantis-stelae-029-26-05-2018\/","title":{"rendered":"Atlantis Stelae 029 (26-05-2018)"},"content":{"rendered":"<p style=\"text-align: justify;\">En el programa de esta semana, Germ\u00e1n Valcarce vuelve a contarnos cu\u00e1les son aquellos hechos llamativos, o no, que sucedieron en esta semana. Marcelo Saforess habl\u00f3 con nosotros de los desaparecidos. \u00bfEs f\u00e1cil desaparecer? \u00bfCu\u00e1les pueden ser las causas de que alguien quiera desaparecer sin dejar rastro? Habr\u00e1 alguna entidad que hace desaparecer a las personas?<br \/>\nFinalmente, Jonatan Barral nos quiso hablar del caso del cosmonauta sovi\u00e9tico Sergu\u00e9i Krikalev, que qued\u00f3\u00a0atrapado en el espacio durante un a\u00f1o.<br \/>\n<iframe loading=\"lazy\" id=\"audio_26200706\" style=\"border: 1px solid #EEE; box-sizing: border-box; width: 100%;\" src=\"https:\/\/www.ivoox.com\/player_ej_26200706_4_1.html?c1=ff6600\" width=\"300\" height=\"200\" frameborder=\"0\" scrolling=\"no\" allowfullscreen=\"allowfullscreen\"><\/iframe><\/p>\n","protected":false},"excerpt":{"rendered":"<p>En el programa de esta semana, Germ\u00e1n Valcarce vuelve a contarnos cu\u00e1les son aquellos hechos&#8230;<\/p>\n","protected":false},"author":1,"featured_media":0,"comment_status":"open","ping_status":"closed","sticky":false,"template":"","format":"standard","meta":{"footnotes":""},"categories":[],"tags":[],"class_list":["post-3821","post","type-post","status-publish","format-standard","hentry"],"translation":{"provider":"WPGlobus","version":"3.0.2","language":"es","enabled_languages":["gl","es"],"languages":{"gl":{"title":true,"content":true,"excerpt":false},"es":{"title":true,"content":true,"excerpt":false}}},"_links":{"self":[{"href":"https:\/\/www.radiocampusculturae.org\/es\/wp-json\/wp\/v2\/posts\/3821","targetHints":{"allow":["GET"]}}],"collection":[{"href":"https:\/\/www.radiocampusculturae.org\/es\/wp-json\/wp\/v2\/posts"}],"about":[{"href":"https:\/\/www.radiocampusculturae.org\/es\/wp-json\/wp\/v2\/types\/post"}],"author":[{"embeddable":true,"href":"https:\/\/www.radiocampusculturae.org\/es\/wp-json\/wp\/v2\/users\/1"}],"replies":[{"embeddable":true,"href":"https:\/\/www.radiocampusculturae.org\/es\/wp-json\/wp\/v2\/comments?post=3821"}],"version-history":[{"count":3,"href":"https:\/\/www.radiocampusculturae.org\/es\/wp-json\/wp\/v2\/posts\/3821\/revisions"}],"predecessor-version":[{"id":3827,"href":"https:\/\/www.radiocampusculturae.org\/es\/wp-json\/wp\/v2\/posts\/3821\/revisions\/3827"}],"wp:attachment":[{"href":"https:\/\/www.radiocampusculturae.org\/es\/wp-json\/wp\/v2\/media?parent=3821"}],"wp:term":[{"taxonomy":"category","embeddable":true,"href":"https:\/\/www.radiocampusculturae.org\/es\/wp-json\/wp\/v2\/categories?post=3821"},{"taxonomy":"post_tag","embeddable":true,"href":"https:\/\/www.radiocampusculturae.org\/es\/wp-json\/wp\/v2\/tags?post=3821"}],"curies":[{"name":"wp","href":"https:\/\/api.w.org\/{rel}","templated":true}]}}