{"id":3937,"date":"2018-07-08T01:36:28","date_gmt":"2018-07-07T23:36:28","guid":{"rendered":"http:\/\/www.radiocampusculturae.org\/?p=3937"},"modified":"2019-01-22T22:57:48","modified_gmt":"2019-01-22T20:57:48","slug":"atlantis-stelae-032-07-07-2018","status":"publish","type":"post","link":"https:\/\/www.radiocampusculturae.org\/es\/blog\/atlantis-stelae-032-07-07-2018\/","title":{"rendered":"Atlantis Stelae 032 (07-07-2018)"},"content":{"rendered":"<p style=\"text-align: justify;\"><a href=\"http:\/\/www.radiocampusculturae.org\/wp-content\/uploads\/2015\/11\/eSK2ur2O_400x400.jpg\"><img loading=\"lazy\" decoding=\"async\" class=\"alignleft wp-image-2748 size-medium\" src=\"http:\/\/www.radiocampusculturae.org\/wp-content\/uploads\/2015\/11\/eSK2ur2O_400x400-300x300.jpg\" alt=\"Radio campUSCulturae\" width=\"300\" height=\"300\" srcset=\"https:\/\/www.radiocampusculturae.org\/wp-content\/uploads\/2015\/11\/eSK2ur2O_400x400-300x300.jpg 300w, https:\/\/www.radiocampusculturae.org\/wp-content\/uploads\/2015\/11\/eSK2ur2O_400x400-150x150.jpg 150w, https:\/\/www.radiocampusculturae.org\/wp-content\/uploads\/2015\/11\/eSK2ur2O_400x400.jpg 400w\" sizes=\"auto, (max-width: 300px) 100vw, 300px\" \/><\/a>En este espacio de Atlantis Stelae, Germ\u00e1n Valcarce di\u00f3 el pistoletazo de salida hablando de esos hechos curiosos o sorprendentes que sucedieron durante la semana.<br \/>\nEn la segunda parte, Marcelo Safores nos habl\u00f3, no sabemos desde que remoto lugar, de la locura, de como se trat\u00f3 y como evolucion\u00f3 a lo largo de la historia.<br \/>\nYa hacia el final, Jonatan Barral nos habl\u00f3 de las sondas espaciales que, despu\u00e9s de cumplir su funci\u00f3n de investigaci\u00f3n, fueron reutilizadas como peque\u00f1as botellas en un oc\u00e9ano c\u00f3smico y, tirando de los oc\u00e9anos, hicimos un peque\u00f1o homenaje a uno de los documentalistas m\u00e1s recordados, el genial comandante Jacques-Yves Cousteau.<br \/>\n<iframe loading=\"lazy\" id=\"audio_26979243\" style=\"border: 1px solid #EEE; box-sizing: border-box; width: 100%;\" src=\"https:\/\/www.ivoox.com\/player_ej_26979243_4_1.html?c1=ff6600\" width=\"300\" height=\"200\" frameborder=\"0\" scrolling=\"no\" allowfullscreen=\"allowfullscreen\"><\/iframe><\/p>\n","protected":false},"excerpt":{"rendered":"<p>En este espacio de Atlantis Stelae, Germ\u00e1n Valcarce di\u00f3 el pistoletazo de salida hablando de&#8230;<\/p>\n","protected":false},"author":1,"featured_media":0,"comment_status":"open","ping_status":"closed","sticky":false,"template":"","format":"standard","meta":{"footnotes":""},"categories":[],"tags":[],"class_list":["post-3937","post","type-post","status-publish","format-standard","hentry"],"translation":{"provider":"WPGlobus","version":"3.0.2","language":"es","enabled_languages":["gl","es"],"languages":{"gl":{"title":true,"content":true,"excerpt":false},"es":{"title":true,"content":true,"excerpt":false}}},"_links":{"self":[{"href":"https:\/\/www.radiocampusculturae.org\/es\/wp-json\/wp\/v2\/posts\/3937","targetHints":{"allow":["GET"]}}],"collection":[{"href":"https:\/\/www.radiocampusculturae.org\/es\/wp-json\/wp\/v2\/posts"}],"about":[{"href":"https:\/\/www.radiocampusculturae.org\/es\/wp-json\/wp\/v2\/types\/post"}],"author":[{"embeddable":true,"href":"https:\/\/www.radiocampusculturae.org\/es\/wp-json\/wp\/v2\/users\/1"}],"replies":[{"embeddable":true,"href":"https:\/\/www.radiocampusculturae.org\/es\/wp-json\/wp\/v2\/comments?post=3937"}],"version-history":[{"count":5,"href":"https:\/\/www.radiocampusculturae.org\/es\/wp-json\/wp\/v2\/posts\/3937\/revisions"}],"predecessor-version":[{"id":3966,"href":"https:\/\/www.radiocampusculturae.org\/es\/wp-json\/wp\/v2\/posts\/3937\/revisions\/3966"}],"wp:attachment":[{"href":"https:\/\/www.radiocampusculturae.org\/es\/wp-json\/wp\/v2\/media?parent=3937"}],"wp:term":[{"taxonomy":"category","embeddable":true,"href":"https:\/\/www.radiocampusculturae.org\/es\/wp-json\/wp\/v2\/categories?post=3937"},{"taxonomy":"post_tag","embeddable":true,"href":"https:\/\/www.radiocampusculturae.org\/es\/wp-json\/wp\/v2\/tags?post=3937"}],"curies":[{"name":"wp","href":"https:\/\/api.w.org\/{rel}","templated":true}]}}