{"id":3960,"date":"2018-07-20T11:56:56","date_gmt":"2018-07-20T09:56:56","guid":{"rendered":"http:\/\/www.radiocampusculturae.org\/?p=3960"},"modified":"2019-01-22T21:31:34","modified_gmt":"2019-01-22T19:31:34","slug":"voltum-lunae-003-19-07-2018","status":"publish","type":"post","link":"https:\/\/www.radiocampusculturae.org\/es\/blog\/voltum-lunae-003-19-07-2018\/","title":{"rendered":"Voltum Lunae 003 (19-07-2018)"},"content":{"rendered":"<p style=\"text-align: justify;\">El tercer programa de Voltum lunae, situado ya en las noches de los jueves, est\u00e1 dedicado a las criaturas de la noche m\u00e1s conocidas, los vampiros. El programa se abre con la canci\u00f3n Libera me, perteneciente a la pel\u00edcula Entrevista con el vampiro y, a continuaci\u00f3n, se va haciendo un recorrido a trav\u00e9s de diferentes bandas de estilo metal g\u00f3tico, cuyas melod\u00edas y letras dejan traslucir el tema del vampirismo.<br \/>\nAsimismo, la audiencia podr\u00e1 comprobar que esta vez Voltum lunae va in crescendo, ya que a medida que transcurre el programa, se pasa de o\u00edr a voces vampirescas m\u00e1s quedas y rom\u00e1nticas, a otras que suenan m\u00e1s airadas, m\u00e1s enfurecidas; con ello se da muestra de la doble cara que caracteriza a estas aves nocturnas.<br \/>\n<iframe loading=\"lazy\" id=\"audio_27151841\" style=\"border: 1px solid #EEE; box-sizing: border-box; width: 100%;\" src=\"https:\/\/www.ivoox.com\/player_ej_27151841_4_1.html?c1=ff6600\" width=\"300\" height=\"200\" frameborder=\"0\" scrolling=\"no\" allowfullscreen=\"allowfullscreen\"><\/iframe><br \/>\n<strong>Tracklist:<\/strong> <!--more--><\/p>\n<p>1. Libera me &#8211; Interview with the vampire, (soundtrack.)<br \/>\n2. Illusion &#8211; Trail of Tears.<br \/>\n3. Graveland &#8211; The 69 Eyes.<br \/>\n4. Frozen &#8211; Delain.<br \/>\n5. Vampire &#8211; Xandria.<br \/>\n6. The stone &#8211; Charon.<br \/>\n7. Ukriti Wimiar &#8211; Artrosis.<br \/>\n8. Mare Nectaris &#8211; Asgaard.<br \/>\n9. Mare Crisium &#8211; Asgaard.<br \/>\n10. Tragical memories &#8211; Penumbra.<br \/>\n11. Through the shadows &#8211; Insomnium.<br \/>\n12. Death vision &#8211; Cadaveria.<br \/>\n13. Zephyr &#8211; November&#8217;s Doom.<br \/>\n14. Dark angels ascension &#8211; Avrigus.<\/p>\n","protected":false},"excerpt":{"rendered":"<p>O terceiro programa de Voltum lunae, situado xa nas noites dos xoes, est\u00e1 dedicado \u00e1s&#8230;<\/p>\n","protected":false},"author":1,"featured_media":0,"comment_status":"open","ping_status":"closed","sticky":false,"template":"","format":"standard","meta":{"footnotes":""},"categories":[],"tags":[],"class_list":["post-3960","post","type-post","status-publish","format-standard","hentry"],"translation":{"provider":"WPGlobus","version":"3.0.2","language":"es","enabled_languages":["gl","es"],"languages":{"gl":{"title":true,"content":true,"excerpt":false},"es":{"title":true,"content":true,"excerpt":false}}},"_links":{"self":[{"href":"https:\/\/www.radiocampusculturae.org\/es\/wp-json\/wp\/v2\/posts\/3960","targetHints":{"allow":["GET"]}}],"collection":[{"href":"https:\/\/www.radiocampusculturae.org\/es\/wp-json\/wp\/v2\/posts"}],"about":[{"href":"https:\/\/www.radiocampusculturae.org\/es\/wp-json\/wp\/v2\/types\/post"}],"author":[{"embeddable":true,"href":"https:\/\/www.radiocampusculturae.org\/es\/wp-json\/wp\/v2\/users\/1"}],"replies":[{"embeddable":true,"href":"https:\/\/www.radiocampusculturae.org\/es\/wp-json\/wp\/v2\/comments?post=3960"}],"version-history":[{"count":4,"href":"https:\/\/www.radiocampusculturae.org\/es\/wp-json\/wp\/v2\/posts\/3960\/revisions"}],"predecessor-version":[{"id":3962,"href":"https:\/\/www.radiocampusculturae.org\/es\/wp-json\/wp\/v2\/posts\/3960\/revisions\/3962"}],"wp:attachment":[{"href":"https:\/\/www.radiocampusculturae.org\/es\/wp-json\/wp\/v2\/media?parent=3960"}],"wp:term":[{"taxonomy":"category","embeddable":true,"href":"https:\/\/www.radiocampusculturae.org\/es\/wp-json\/wp\/v2\/categories?post=3960"},{"taxonomy":"post_tag","embeddable":true,"href":"https:\/\/www.radiocampusculturae.org\/es\/wp-json\/wp\/v2\/tags?post=3960"}],"curies":[{"name":"wp","href":"https:\/\/api.w.org\/{rel}","templated":true}]}}