{"id":4041,"date":"2018-10-09T14:20:17","date_gmt":"2018-10-09T12:20:17","guid":{"rendered":"http:\/\/www.radiocampusculturae.org\/?p=4041"},"modified":"2018-10-12T20:48:55","modified_gmt":"2018-10-12T18:48:55","slug":"radio-campusculturae-asina-un-convenio-de-colaboracion-coa-libraria-os-mundos-de-carlota","status":"publish","type":"post","link":"https:\/\/www.radiocampusculturae.org\/es\/blog\/radio-campusculturae-asina-un-convenio-de-colaboracion-coa-libraria-os-mundos-de-carlota\/","title":{"rendered":"Radio CampUSCulturae firma un convenio de colaboraci\u00f3n con la librer\u00eda Os Mundos de Carlota"},"content":{"rendered":"<p style=\"text-align: justify;\"><a href=\"http:\/\/www.radiocampusculturae.org\/wp-content\/uploads\/2018\/10\/os-mundos-de-carlota_-_2018-10-09__.jpeg\"><img loading=\"lazy\" decoding=\"async\" class=\"alignleft wp-image-4044 size-medium\" src=\"http:\/\/www.radiocampusculturae.org\/wp-content\/uploads\/2018\/10\/os-mundos-de-carlota_-_2018-10-09__-300x211.jpeg\" alt=\"Nathalie Budi\u00f1o e Jonathan Barral diante da librar\u00eda Os Mundos De Carlota\" width=\"300\" height=\"211\" srcset=\"https:\/\/www.radiocampusculturae.org\/wp-content\/uploads\/2018\/10\/os-mundos-de-carlota_-_2018-10-09__-300x211.jpeg 300w, https:\/\/www.radiocampusculturae.org\/wp-content\/uploads\/2018\/10\/os-mundos-de-carlota_-_2018-10-09__-768x540.jpeg 768w, https:\/\/www.radiocampusculturae.org\/wp-content\/uploads\/2018\/10\/os-mundos-de-carlota_-_2018-10-09__-800x562.jpeg 800w, https:\/\/www.radiocampusculturae.org\/wp-content\/uploads\/2018\/10\/os-mundos-de-carlota_-_2018-10-09__.jpeg 1000w\" sizes=\"auto, (max-width: 300px) 100vw, 300px\" \/><\/a>Este martes, 9 de octubre de 2018, el presidente de la Asociaci\u00f3n Universitaria Cultural Radio CampUSCulturae, Jonathan Barral Otero, y la gerente de la librer\u00eda Os Mundos de Carlota, Nathalie Budi\u00f1o Gasamans, firmaron un convenio de colaboraci\u00f3n anual. De esta forma, la librer\u00eda compostelana, situada en la calle de San Pedro n\u00ba 52, se une a Galiconsum y la USC como entidad colaboradora.<br \/>\nLa asociaci\u00f3n, encargada de gestionar la emisora Radio CampUSCulturae, sigue trabajando en la b\u00fasqueda de colaboraci\u00f3n de comercios que tambi\u00e9n quieran formar parte de esta iniciativa y espera que el listado de colaboradores aumente en un breve per\u00edodo de tiempo.<\/p>\n","protected":false},"excerpt":{"rendered":"<p>Este martes, 9 de octubre de 2018, el presidente de la Asociaci\u00f3n Universitaria Cultural Radio&#8230;<\/p>\n","protected":false},"author":1,"featured_media":0,"comment_status":"open","ping_status":"closed","sticky":false,"template":"","format":"standard","meta":{"footnotes":""},"categories":[],"tags":[],"class_list":["post-4041","post","type-post","status-publish","format-standard","hentry"],"translation":{"provider":"WPGlobus","version":"3.0.2","language":"es","enabled_languages":["gl","es"],"languages":{"gl":{"title":true,"content":true,"excerpt":false},"es":{"title":true,"content":true,"excerpt":false}}},"_links":{"self":[{"href":"https:\/\/www.radiocampusculturae.org\/es\/wp-json\/wp\/v2\/posts\/4041","targetHints":{"allow":["GET"]}}],"collection":[{"href":"https:\/\/www.radiocampusculturae.org\/es\/wp-json\/wp\/v2\/posts"}],"about":[{"href":"https:\/\/www.radiocampusculturae.org\/es\/wp-json\/wp\/v2\/types\/post"}],"author":[{"embeddable":true,"href":"https:\/\/www.radiocampusculturae.org\/es\/wp-json\/wp\/v2\/users\/1"}],"replies":[{"embeddable":true,"href":"https:\/\/www.radiocampusculturae.org\/es\/wp-json\/wp\/v2\/comments?post=4041"}],"version-history":[{"count":2,"href":"https:\/\/www.radiocampusculturae.org\/es\/wp-json\/wp\/v2\/posts\/4041\/revisions"}],"predecessor-version":[{"id":4046,"href":"https:\/\/www.radiocampusculturae.org\/es\/wp-json\/wp\/v2\/posts\/4041\/revisions\/4046"}],"wp:attachment":[{"href":"https:\/\/www.radiocampusculturae.org\/es\/wp-json\/wp\/v2\/media?parent=4041"}],"wp:term":[{"taxonomy":"category","embeddable":true,"href":"https:\/\/www.radiocampusculturae.org\/es\/wp-json\/wp\/v2\/categories?post=4041"},{"taxonomy":"post_tag","embeddable":true,"href":"https:\/\/www.radiocampusculturae.org\/es\/wp-json\/wp\/v2\/tags?post=4041"}],"curies":[{"name":"wp","href":"https:\/\/api.w.org\/{rel}","templated":true}]}}