{"id":405,"date":"2016-01-25T14:32:39","date_gmt":"2016-01-25T13:32:39","guid":{"rendered":"http:\/\/www.radiocampusculturae.org\/?p=405"},"modified":"2016-01-26T19:26:37","modified_gmt":"2016-01-26T18:26:37","slug":"especial-social-media-day-2016-fcsc","status":"publish","type":"post","link":"https:\/\/www.radiocampusculturae.org\/es\/blog\/especial-social-media-day-2016-fcsc\/","title":{"rendered":"Especial Social Media Day 2016 (FCSC)"},"content":{"rendered":"<p>Primera parte del programa especial Social Media Day 2016 desde la Facultad de Ciencias Sociales y de la Comunicaci\u00f3n de la Universidad de Vigo, en el Campus de Pontevedra, con Marcus Fern\u00e1ndez y Alejandro Espi\u00f1o.<\/p>\n<p><iframe loading=\"lazy\" id=\"audio_10188742\" style=\"border: 1px solid #EEE; box-sizing: border-box; width: 100%;\" src=\"https:\/\/www.ivoox.com\/player_ej_10188742_4_1.html?c1=ff6600\" width=\"300\" height=\"200\" frameborder=\"0\" scrolling=\"no\" allowfullscreen=\"allowfullscreen\"><\/iframe><\/p>\n<p>Segunda parte del programa especial Social Media Day 2016 <!--more-->desde la Facultad de Ciencias Sociales y de la Comunicaci\u00f3n de la Universidad de Vigo, en el Campus de Pontevedra, con Marcus Fern\u00e1ndez y Alejandro Espi\u00f1o.<\/p>\n<p><iframe loading=\"lazy\" id=\"audio_10188859\" style=\"border: 1px solid #EEE; box-sizing: border-box; width: 100%;\" src=\"https:\/\/www.ivoox.com\/player_ej_10188859_4_1.html?c1=ff6600\" width=\"300\" height=\"200\" frameborder=\"0\" scrolling=\"no\" allowfullscreen=\"allowfullscreen\"><\/iframe><\/p>\n<p>Tercera parte del programa especial Social Media Day 2016 desde la Facultad de Ciencias Sociales y de la Comunicaci\u00f3n de la Universidad de Vigo, en el Campus de Pontevedra, con Marta Valcarce y Minia del R\u00edo. <\/p>\n<p><iframe id='audio_10205806' frameborder='0' allowfullscreen='' scrolling='no' height='200' style='border:1px solid #EEE; box-sizing:border-box; width:100%;' src=\"https:\/\/www.ivoox.com\/player_ej_10205806_4_1.html?c1=ff6600\"><\/iframe><\/p>\n<p>Cuarta parte del programa especial Social Media Day 2016 desde la Facultad de Ciencias Sociales y de la Comunicaci\u00f3n de la Universidad de Vigo, en el Campus de Pontevedra, con Marta Valcarce, Minia del R\u00edo y el decano de la facultad Xos\u00e9 Baamonde. <\/p>\n<p><iframe id='audio_10205780' frameborder='0' allowfullscreen='' scrolling='no' height='200' style='border:1px solid #EEE; box-sizing:border-box; width:100%;' src=\"https:\/\/www.ivoox.com\/player_ej_10205780_4_1.html?c1=ff6600\"><\/iframe><\/p>\n<p>Quinta parte del programa especial Social Media Day 2016 desde la Facultad de Ciencias Sociales y de la Comunicaci\u00f3n de la Universidad de Vigo, en el Campus de Pontevedra, con Iago Fern\u00e1ndez, Laura Vazquez y Jos\u00e9 Alca\u00f1iz. <\/p>\n<p><iframe id='audio_10205806' frameborder='0' allowfullscreen='' scrolling='no' height='200' style='border:1px solid #EEE; box-sizing:border-box; width:100%;' src=\"https:\/\/www.ivoox.com\/player_ej_10205806_4_1.html?c1=ff6600\"><\/iframe><\/p>\n<p>Sexta parte del programa especial Social Media Day 2016 desde la Facultad de Ciencias Sociales y de la Comunicaci\u00f3n de la Universidad de Vigo, en el Campus de Pontevedra, con Oliver Vegas, Cristina Costa Acha y Alberto Fonta\u00ed\u00f1a. <\/p>\n<p><iframe id='audio_10205826' frameborder='0' allowfullscreen='' scrolling='no' height='200' style='border:1px solid #EEE; box-sizing:border-box; width:100%;' src=\"https:\/\/www.ivoox.com\/player_ej_10205826_4_1.html?c1=ff6600\"><\/iframe><\/p>\n<p>S\u00e9ptima parte del programa especial Social Media Day 2016 desde la Facultad de Ciencias Sociales y de la Comunicaci\u00f3n de la Universidad de Vigo, en el Campus de Pontevedra, con Iago Fern\u00e1ndez, Laura Vazquez, Jos\u00e9 Alca\u00f1iz, Oliver Vegas, Cristina Costa Acha e Alberto Fonta\u00ed\u00f1a. <\/p>\n<p><iframe id='audio_10205865' frameborder='0' allowfullscreen='' scrolling='no' height='200' style='border:1px solid #EEE; box-sizing:border-box; width:100%;' src=\"https:\/\/www.ivoox.com\/player_ej_10205865_4_1.html?c1=ff6600\"><\/iframe><\/p>\n","protected":false},"excerpt":{"rendered":"<p>Primeira parte do programa especial Social Media Day 2016 dende a Facultade de Ciencias Sociais&#8230;<\/p>\n","protected":false},"author":1,"featured_media":0,"comment_status":"open","ping_status":"open","sticky":false,"template":"","format":"standard","meta":{"footnotes":""},"categories":[],"tags":[],"class_list":["post-405","post","type-post","status-publish","format-standard","hentry"],"translation":{"provider":"WPGlobus","version":"3.0.2","language":"es","enabled_languages":["gl","es"],"languages":{"gl":{"title":true,"content":true,"excerpt":false},"es":{"title":true,"content":true,"excerpt":false}}},"_links":{"self":[{"href":"https:\/\/www.radiocampusculturae.org\/es\/wp-json\/wp\/v2\/posts\/405","targetHints":{"allow":["GET"]}}],"collection":[{"href":"https:\/\/www.radiocampusculturae.org\/es\/wp-json\/wp\/v2\/posts"}],"about":[{"href":"https:\/\/www.radiocampusculturae.org\/es\/wp-json\/wp\/v2\/types\/post"}],"author":[{"embeddable":true,"href":"https:\/\/www.radiocampusculturae.org\/es\/wp-json\/wp\/v2\/users\/1"}],"replies":[{"embeddable":true,"href":"https:\/\/www.radiocampusculturae.org\/es\/wp-json\/wp\/v2\/comments?post=405"}],"version-history":[{"count":6,"href":"https:\/\/www.radiocampusculturae.org\/es\/wp-json\/wp\/v2\/posts\/405\/revisions"}],"predecessor-version":[{"id":407,"href":"https:\/\/www.radiocampusculturae.org\/es\/wp-json\/wp\/v2\/posts\/405\/revisions\/407"}],"wp:attachment":[{"href":"https:\/\/www.radiocampusculturae.org\/es\/wp-json\/wp\/v2\/media?parent=405"}],"wp:term":[{"taxonomy":"category","embeddable":true,"href":"https:\/\/www.radiocampusculturae.org\/es\/wp-json\/wp\/v2\/categories?post=405"},{"taxonomy":"post_tag","embeddable":true,"href":"https:\/\/www.radiocampusculturae.org\/es\/wp-json\/wp\/v2\/tags?post=405"}],"curies":[{"name":"wp","href":"https:\/\/api.w.org\/{rel}","templated":true}]}}