{"id":4083,"date":"2018-11-01T19:11:51","date_gmt":"2018-11-01T17:11:51","guid":{"rendered":"http:\/\/www.radiocampusculturae.org\/?p=4083"},"modified":"2019-01-22T21:16:15","modified_gmt":"2019-01-22T19:16:15","slug":"buran-023-01-11-2018","status":"publish","type":"post","link":"https:\/\/www.radiocampusculturae.org\/es\/blog\/buran-023-01-11-2018\/","title":{"rendered":"Bur\u00e1n 023 (01-11-2018)"},"content":{"rendered":"<p style=\"text-align: justify;\">\u00bfQu\u00e9 posibilidades hay de que des con este cap\u00edtulo de Bur\u00e1n por casualidad? Pues muchas m\u00e1s de las que parece, en este programa hablamos de sincronicidades y de como nuestra mente construye hermosos edificios basados en hechos aislados. Co una vuelta del destino de Bob Dylan, The Police, Ana Moura o Os amigos dos m\u00fasicos.<\/p>\n<p><iframe loading=\"lazy\" id=\"audio_29810233\" style=\"border: 1px solid #EEE; box-sizing: border-box; width: 100%;\" src=\"https:\/\/www.ivoox.com\/player_ej_29810233_4_1.html?c1=ff6600\" width=\"300\" height=\"200\" frameborder=\"0\" scrolling=\"no\" allowfullscreen=\"allowfullscreen\"><\/iframe><\/p>\n<p>&nbsp;<\/p>\n","protected":false},"excerpt":{"rendered":"<p>\u00bfQu\u00e9 posibilidades hay de que des con este cap\u00edtulo de Bur\u00e1n por casualidad? Pues muchas&#8230;<\/p>\n","protected":false},"author":1,"featured_media":0,"comment_status":"open","ping_status":"closed","sticky":false,"template":"","format":"standard","meta":{"footnotes":""},"categories":[],"tags":[],"class_list":["post-4083","post","type-post","status-publish","format-standard","hentry"],"translation":{"provider":"WPGlobus","version":"3.0.2","language":"es","enabled_languages":["gl","es"],"languages":{"gl":{"title":true,"content":true,"excerpt":false},"es":{"title":true,"content":true,"excerpt":false}}},"_links":{"self":[{"href":"https:\/\/www.radiocampusculturae.org\/es\/wp-json\/wp\/v2\/posts\/4083","targetHints":{"allow":["GET"]}}],"collection":[{"href":"https:\/\/www.radiocampusculturae.org\/es\/wp-json\/wp\/v2\/posts"}],"about":[{"href":"https:\/\/www.radiocampusculturae.org\/es\/wp-json\/wp\/v2\/types\/post"}],"author":[{"embeddable":true,"href":"https:\/\/www.radiocampusculturae.org\/es\/wp-json\/wp\/v2\/users\/1"}],"replies":[{"embeddable":true,"href":"https:\/\/www.radiocampusculturae.org\/es\/wp-json\/wp\/v2\/comments?post=4083"}],"version-history":[{"count":3,"href":"https:\/\/www.radiocampusculturae.org\/es\/wp-json\/wp\/v2\/posts\/4083\/revisions"}],"predecessor-version":[{"id":4105,"href":"https:\/\/www.radiocampusculturae.org\/es\/wp-json\/wp\/v2\/posts\/4083\/revisions\/4105"}],"wp:attachment":[{"href":"https:\/\/www.radiocampusculturae.org\/es\/wp-json\/wp\/v2\/media?parent=4083"}],"wp:term":[{"taxonomy":"category","embeddable":true,"href":"https:\/\/www.radiocampusculturae.org\/es\/wp-json\/wp\/v2\/categories?post=4083"},{"taxonomy":"post_tag","embeddable":true,"href":"https:\/\/www.radiocampusculturae.org\/es\/wp-json\/wp\/v2\/tags?post=4083"}],"curies":[{"name":"wp","href":"https:\/\/api.w.org\/{rel}","templated":true}]}}