{"id":4176,"date":"2018-12-22T00:29:38","date_gmt":"2018-12-21T22:29:38","guid":{"rendered":"http:\/\/www.radiocampusculturae.org\/?p=4176"},"modified":"2019-01-23T01:51:26","modified_gmt":"2019-01-22T23:51:26","slug":"tren-de-medianoche-064-21-12-2018","status":"publish","type":"post","link":"https:\/\/www.radiocampusculturae.org\/es\/blog\/tren-de-medianoche-064-21-12-2018\/","title":{"rendered":"Tren de Medianoche 064 (21-12-2018)"},"content":{"rendered":"<p style=\"text-align: justify;\">Nuestro equipo os desea unas FELICES NAVIDADES. Angel Marcelo trae un regalo para nuestrxs oyentes: una colummna especial Joaqu\u00edn Sabina. Coralie Yap-Chine, en el Vag\u00f3n de los Sentimientos, hace una lectura global de las reinvidicaciones de los chalecos amarillos en Francia, planteando la relaci\u00f3n entre justicia social y ecolog\u00eda. Para tomar algo de perspectiva sobre la evoluci\u00f3n de esta relaci\u00f3n en los \u00faltimos a\u00f1os, se remonta a la obra \u00abLas ra\u00edces del cielo\u00bb de Romain Gary, Premio Goncourt 1956.<br \/>\n<iframe loading=\"lazy\" id=\"audio_30975490\" style=\"border: 1px solid #EEE; box-sizing: border-box; width: 100%;\" src=\"https:\/\/www.ivoox.com\/player_ej_30975490_4_1.html?c1=ff6600\" width=\"300\" height=\"200\" frameborder=\"0\" scrolling=\"no\" allowfullscreen=\"allowfullscreen\"><\/iframe><\/p>\n","protected":false},"excerpt":{"rendered":"<p>Nuestro equipo os desea unas FELICES NAVIDADES. Angel Marcelo trae un regalo para nuestrxs oyentes:&#8230;<\/p>\n","protected":false},"author":1,"featured_media":2473,"comment_status":"open","ping_status":"closed","sticky":false,"template":"","format":"standard","meta":{"footnotes":""},"categories":[],"tags":[],"class_list":["post-4176","post","type-post","status-publish","format-standard","has-post-thumbnail","hentry"],"translation":{"provider":"WPGlobus","version":"3.0.2","language":"es","enabled_languages":["gl","es"],"languages":{"gl":{"title":true,"content":true,"excerpt":false},"es":{"title":true,"content":true,"excerpt":false}}},"_links":{"self":[{"href":"https:\/\/www.radiocampusculturae.org\/es\/wp-json\/wp\/v2\/posts\/4176","targetHints":{"allow":["GET"]}}],"collection":[{"href":"https:\/\/www.radiocampusculturae.org\/es\/wp-json\/wp\/v2\/posts"}],"about":[{"href":"https:\/\/www.radiocampusculturae.org\/es\/wp-json\/wp\/v2\/types\/post"}],"author":[{"embeddable":true,"href":"https:\/\/www.radiocampusculturae.org\/es\/wp-json\/wp\/v2\/users\/1"}],"replies":[{"embeddable":true,"href":"https:\/\/www.radiocampusculturae.org\/es\/wp-json\/wp\/v2\/comments?post=4176"}],"version-history":[{"count":4,"href":"https:\/\/www.radiocampusculturae.org\/es\/wp-json\/wp\/v2\/posts\/4176\/revisions"}],"predecessor-version":[{"id":4376,"href":"https:\/\/www.radiocampusculturae.org\/es\/wp-json\/wp\/v2\/posts\/4176\/revisions\/4376"}],"wp:featuredmedia":[{"embeddable":true,"href":"https:\/\/www.radiocampusculturae.org\/es\/wp-json\/wp\/v2\/media\/2473"}],"wp:attachment":[{"href":"https:\/\/www.radiocampusculturae.org\/es\/wp-json\/wp\/v2\/media?parent=4176"}],"wp:term":[{"taxonomy":"category","embeddable":true,"href":"https:\/\/www.radiocampusculturae.org\/es\/wp-json\/wp\/v2\/categories?post=4176"},{"taxonomy":"post_tag","embeddable":true,"href":"https:\/\/www.radiocampusculturae.org\/es\/wp-json\/wp\/v2\/tags?post=4176"}],"curies":[{"name":"wp","href":"https:\/\/api.w.org\/{rel}","templated":true}]}}