{"id":4583,"date":"2019-04-04T20:14:23","date_gmt":"2019-04-04T18:14:23","guid":{"rendered":"http:\/\/www.radiocampusculturae.org\/?p=4583"},"modified":"2019-04-06T17:18:50","modified_gmt":"2019-04-06T15:18:50","slug":"buran-031-04-04-2019","status":"publish","type":"post","link":"https:\/\/www.radiocampusculturae.org\/es\/blog\/buran-031-04-04-2019\/","title":{"rendered":"Buran 031 (04-04-2019)"},"content":{"rendered":"<p style=\"text-align: justify;\">\u00abMaldita memoria\u00bb nos cuenta qu\u00e9 gritan los pol\u00edticos en la Tierra antes de cada cita electoral. En este Bur\u00e1n ahondamos en el funcionamento de esos mecanismos del recuerdo: la amnesia, hipermnesia y otros s\u00edntomas, y tambi\u00e9n repasamos algunos de los filmes que centraron en ella su trama. Escuchando Baiuca, Yo La Tengo, Fino Coletivo y Gran Purismo entre otras m\u00fasicas inolvidables.<br \/>\n<iframe loading=\"lazy\" id=\"audio_34118127\" style=\"border: 1px solid #EEE; box-sizing: border-box; width: 100%;\" src=\"https:\/\/www.ivoox.com\/player_ej_34118127_4_1.html?c1=ff6600\" width=\"300\" height=\"200\" frameborder=\"0\" scrolling=\"no\" allowfullscreen=\"allowfullscreen\"><\/iframe><\/p>\n","protected":false},"excerpt":{"rendered":"<p>\u00abMaldita memoria\u00bb nos cuenta qu\u00e9 gritan los pol\u00edticos en la Tierra antes de cada cita&#8230;<\/p>\n","protected":false},"author":1,"featured_media":2490,"comment_status":"open","ping_status":"closed","sticky":false,"template":"","format":"standard","meta":{"footnotes":""},"categories":[],"tags":[],"class_list":["post-4583","post","type-post","status-publish","format-standard","has-post-thumbnail","hentry"],"translation":{"provider":"WPGlobus","version":"3.0.2","language":"es","enabled_languages":["gl","es"],"languages":{"gl":{"title":true,"content":true,"excerpt":false},"es":{"title":true,"content":true,"excerpt":false}}},"_links":{"self":[{"href":"https:\/\/www.radiocampusculturae.org\/es\/wp-json\/wp\/v2\/posts\/4583","targetHints":{"allow":["GET"]}}],"collection":[{"href":"https:\/\/www.radiocampusculturae.org\/es\/wp-json\/wp\/v2\/posts"}],"about":[{"href":"https:\/\/www.radiocampusculturae.org\/es\/wp-json\/wp\/v2\/types\/post"}],"author":[{"embeddable":true,"href":"https:\/\/www.radiocampusculturae.org\/es\/wp-json\/wp\/v2\/users\/1"}],"replies":[{"embeddable":true,"href":"https:\/\/www.radiocampusculturae.org\/es\/wp-json\/wp\/v2\/comments?post=4583"}],"version-history":[{"count":2,"href":"https:\/\/www.radiocampusculturae.org\/es\/wp-json\/wp\/v2\/posts\/4583\/revisions"}],"predecessor-version":[{"id":4585,"href":"https:\/\/www.radiocampusculturae.org\/es\/wp-json\/wp\/v2\/posts\/4583\/revisions\/4585"}],"wp:featuredmedia":[{"embeddable":true,"href":"https:\/\/www.radiocampusculturae.org\/es\/wp-json\/wp\/v2\/media\/2490"}],"wp:attachment":[{"href":"https:\/\/www.radiocampusculturae.org\/es\/wp-json\/wp\/v2\/media?parent=4583"}],"wp:term":[{"taxonomy":"category","embeddable":true,"href":"https:\/\/www.radiocampusculturae.org\/es\/wp-json\/wp\/v2\/categories?post=4583"},{"taxonomy":"post_tag","embeddable":true,"href":"https:\/\/www.radiocampusculturae.org\/es\/wp-json\/wp\/v2\/tags?post=4583"}],"curies":[{"name":"wp","href":"https:\/\/api.w.org\/{rel}","templated":true}]}}