{"id":4612,"date":"2019-04-29T03:12:58","date_gmt":"2019-04-29T01:12:58","guid":{"rendered":"http:\/\/www.radiocampusculturae.org\/?p=4612"},"modified":"2019-04-30T04:12:27","modified_gmt":"2019-04-30T02:12:27","slug":"especial-eleccions-xerais-28a-28-04-2019","status":"publish","type":"post","link":"https:\/\/www.radiocampusculturae.org\/es\/blog\/especial-eleccions-xerais-28a-28-04-2019\/","title":{"rendered":"Especial Elecciones Generales 28A (28-04-2019)"},"content":{"rendered":"<p style=\"text-align: justify;\"><a href=\"http:\/\/www.radiocampusculturae.org\/wp-content\/uploads\/2019\/04\/28A_escanos_estado.jpg\"><img loading=\"lazy\" decoding=\"async\" class=\"alignleft wp-image-4613 size-medium\" src=\"http:\/\/www.radiocampusculturae.org\/wp-content\/uploads\/2019\/04\/28A_escanos_estado-225x300.jpg\" alt=\"28A Reparto de escanos no Estado\" width=\"225\" height=\"300\" srcset=\"https:\/\/www.radiocampusculturae.org\/wp-content\/uploads\/2019\/04\/28A_escanos_estado-225x300.jpg 225w, https:\/\/www.radiocampusculturae.org\/wp-content\/uploads\/2019\/04\/28A_escanos_estado-768x1022.jpg 768w, https:\/\/www.radiocampusculturae.org\/wp-content\/uploads\/2019\/04\/28A_escanos_estado-770x1024.jpg 770w, https:\/\/www.radiocampusculturae.org\/wp-content\/uploads\/2019\/04\/28A_escanos_estado.jpg 790w\" sizes=\"auto, (max-width: 225px) 100vw, 225px\" \/><\/a>Programa especial, dirigdo por David Cof\u00e1n, realizado en directo para dar cuenta de los resultados de las elecciones generales del 28 de abril de 2019. Algo m\u00e1s de cuatro horas de emisi\u00f3n en directo\u00a0en el que se furon descubriendo los datos de los resultados tanto\u00a0en el total\u00a0del estado como en Galicia.<br \/>\nEn lo que respecta al total del estado,\u00a0el vencedor fue o Pedro S\u00e1nchez\u00a0y el\u00a0<strong>PSOE, que\u00a0consigui\u00f3 123 diputados<\/strong>, casi el doble que\u00a0el\u00a0<strong>PP, segunda fuerza\u00a0en el congreso con 66<\/strong> esca\u00f1os\u00a0y perseguido muy de cerca por <strong>Ciudadanos con 57<\/strong>. Mientras, <strong>Unidas Podemos, junto coas sus confluencias, sum\u00f3 42<\/strong> diputados. <strong>Vox entra\u00a0en el congreso con 24<\/strong> esca\u00f1os\u00a0y\u00a0<strong>ERC gana en Catalu\u00f1a con 15<\/strong>. En esta comunidad el dominio de las fuerzas nacionalistas\u00a0es indiscutible, igual que en Euskadi donde tanto\u00a0el PP como Ciudadanos quedaron sin representaci\u00f3n.<\/p>\n<p style=\"text-align: justify;\"><a href=\"http:\/\/www.radiocampusculturae.org\/wp-content\/uploads\/2019\/04\/28A_escanos_galicia.jpg\"><img loading=\"lazy\" decoding=\"async\" class=\"alignright wp-image-4614 size-medium\" src=\"http:\/\/www.radiocampusculturae.org\/wp-content\/uploads\/2019\/04\/28A_escanos_galicia-300x233.jpg\" alt=\"28A Reparto de escanos en Galicia\" width=\"300\" height=\"233\" srcset=\"https:\/\/www.radiocampusculturae.org\/wp-content\/uploads\/2019\/04\/28A_escanos_galicia-300x233.jpg 300w, https:\/\/www.radiocampusculturae.org\/wp-content\/uploads\/2019\/04\/28A_escanos_galicia-768x598.jpg 768w, https:\/\/www.radiocampusculturae.org\/wp-content\/uploads\/2019\/04\/28A_escanos_galicia.jpg 897w\" sizes=\"auto, (max-width: 300px) 100vw, 300px\" \/><\/a><strong>En Galicia gan\u00f3\u00a0por primeira vez\u00a0el PSOE, con 10<\/strong> esca\u00f1os mientras que el<strong>\u00a0PP queda con 9<\/strong>, por lo que\u00a0el secretario general de los socialistas gallegos, Gonzalo Caballero, ya habla del fin de la era Feij\u00f3o. En el\u00a0grupo popular apuntan a\u00a0la fragmentaci\u00f3n del voto del centro derecha como causa de sus malos resultados. <strong>En Com\u00fan &#8211; Unidas Podemos obtiene\u00a02<\/strong> esca\u00f1os\u00a0y\u00a0<strong>Ciudadanos otros 2<\/strong>. Ninguna de las fuerzas nacionalistas obtuvo representaci\u00f3n. A\u00fan as\u00ed, desde\u00a0el BNG valoran positivamente tanto la campa\u00f1a como\u00a0el resultado obtenido ya que superaron\u00a0el dobre de los votos que hab\u00edan recibido\u00a0en los anteriores comicios de 2016. Por su parte, los datos de En Marea, con tan solo el 1% de porcentaje de voto en Galicia &#8211; una quinta parte del obtenido por Vox -, dejan en una situaci\u00f3n muy complicada tanto a la formaci\u00f3n como a su l\u00edder Luis Villares.<\/p>\n<p style=\"text-align: justify;\"><a href=\"http:\/\/www.radiocampusculturae.org\/wp-content\/uploads\/2019\/04\/28A_escanos_senado.jpg\"><img loading=\"lazy\" decoding=\"async\" class=\"alignleft wp-image-4615 size-medium\" src=\"http:\/\/www.radiocampusculturae.org\/wp-content\/uploads\/2019\/04\/28A_escanos_senado-300x138.jpg\" alt=\"28A Reparto de senadores no Estado e en Galicia\" width=\"300\" height=\"138\" srcset=\"https:\/\/www.radiocampusculturae.org\/wp-content\/uploads\/2019\/04\/28A_escanos_senado-300x138.jpg 300w, https:\/\/www.radiocampusculturae.org\/wp-content\/uploads\/2019\/04\/28A_escanos_senado-768x352.jpg 768w, https:\/\/www.radiocampusculturae.org\/wp-content\/uploads\/2019\/04\/28A_escanos_senado-1024x470.jpg 1024w, https:\/\/www.radiocampusculturae.org\/wp-content\/uploads\/2019\/04\/28A_escanos_senado.jpg 1027w\" sizes=\"auto, (max-width: 300px) 100vw, 300px\" \/><\/a>En cuanto a los resultados de las elecciones al Senado, de los 208 senadores a elegir, el PSOE obtiene la mayor\u00eda absoluta con 121, m\u00e1s del doble que el PP que se queda con 56. En Galicia, los 16 senadores a elegir se los reparten populares y socialistas con ocho por cada formaci\u00f3n.<\/p>\n<p><iframe loading=\"lazy\" id=\"audio_35107983\" style=\"border: 1px solid #EEE; box-sizing: border-box; width: 100%;\" src=\"https:\/\/www.ivoox.com\/player_ej_35107983_4_1.html?c1=ff6600\" width=\"300\" height=\"200\" frameborder=\"0\" scrolling=\"no\" allowfullscreen=\"allowfullscreen\"><\/iframe><br \/>\n<iframe loading=\"lazy\" id=\"audio_35108026\" style=\"border: 1px solid #EEE; box-sizing: border-box; width: 100%;\" src=\"https:\/\/www.ivoox.com\/player_ej_35108026_4_1.html?c1=ff6600\" width=\"300\" height=\"200\" frameborder=\"0\" scrolling=\"no\" allowfullscreen=\"allowfullscreen\"><\/iframe><br \/>\n<iframe loading=\"lazy\" id=\"audio_35108462\" style=\"border: 1px solid #EEE; box-sizing: border-box; width: 100%;\" src=\"https:\/\/www.ivoox.com\/player_ej_35108462_4_1.html?c1=ff6600\" width=\"300\" height=\"200\" frameborder=\"0\" scrolling=\"no\" allowfullscreen=\"allowfullscreen\"><\/iframe><\/p>\n","protected":false},"excerpt":{"rendered":"<p>Programa especial, dirigdo por David Cof\u00e1n, realizado en directo para dar cuenta de los resultados&#8230;<\/p>\n","protected":false},"author":1,"featured_media":4616,"comment_status":"open","ping_status":"closed","sticky":false,"template":"","format":"standard","meta":{"footnotes":""},"categories":[],"tags":[],"class_list":["post-4612","post","type-post","status-publish","format-standard","has-post-thumbnail","hentry"],"translation":{"provider":"WPGlobus","version":"3.0.2","language":"es","enabled_languages":["gl","es"],"languages":{"gl":{"title":true,"content":true,"excerpt":false},"es":{"title":true,"content":true,"excerpt":false}}},"_links":{"self":[{"href":"https:\/\/www.radiocampusculturae.org\/es\/wp-json\/wp\/v2\/posts\/4612","targetHints":{"allow":["GET"]}}],"collection":[{"href":"https:\/\/www.radiocampusculturae.org\/es\/wp-json\/wp\/v2\/posts"}],"about":[{"href":"https:\/\/www.radiocampusculturae.org\/es\/wp-json\/wp\/v2\/types\/post"}],"author":[{"embeddable":true,"href":"https:\/\/www.radiocampusculturae.org\/es\/wp-json\/wp\/v2\/users\/1"}],"replies":[{"embeddable":true,"href":"https:\/\/www.radiocampusculturae.org\/es\/wp-json\/wp\/v2\/comments?post=4612"}],"version-history":[{"count":2,"href":"https:\/\/www.radiocampusculturae.org\/es\/wp-json\/wp\/v2\/posts\/4612\/revisions"}],"predecessor-version":[{"id":4618,"href":"https:\/\/www.radiocampusculturae.org\/es\/wp-json\/wp\/v2\/posts\/4612\/revisions\/4618"}],"wp:featuredmedia":[{"embeddable":true,"href":"https:\/\/www.radiocampusculturae.org\/es\/wp-json\/wp\/v2\/media\/4616"}],"wp:attachment":[{"href":"https:\/\/www.radiocampusculturae.org\/es\/wp-json\/wp\/v2\/media?parent=4612"}],"wp:term":[{"taxonomy":"category","embeddable":true,"href":"https:\/\/www.radiocampusculturae.org\/es\/wp-json\/wp\/v2\/categories?post=4612"},{"taxonomy":"post_tag","embeddable":true,"href":"https:\/\/www.radiocampusculturae.org\/es\/wp-json\/wp\/v2\/tags?post=4612"}],"curies":[{"name":"wp","href":"https:\/\/api.w.org\/{rel}","templated":true}]}}