{"id":4720,"date":"2019-09-23T20:52:59","date_gmt":"2019-09-23T18:52:59","guid":{"rendered":"http:\/\/www.radiocampusculturae.org\/?p=4720"},"modified":"2019-10-07T19:36:39","modified_gmt":"2019-10-07T17:36:39","slug":"sonica-cuantica-001-23-09-2019","status":"publish","type":"post","link":"https:\/\/www.radiocampusculturae.org\/es\/blog\/sonica-cuantica-001-23-09-2019\/","title":{"rendered":"S\u00f3nica Cu\u00e1ntica 001 (23-09-2019)"},"content":{"rendered":"<p>Primer cap\u00edtulo de S\u00f3nica Cu\u00e1ntica, un programa at\u00edpico sobre m\u00fasica cl\u00e1sica, luchando contra la idea de que los g\u00e9neros musicales considerados cultos son aburridos o elitistas. Durante media hora, con un hilo conductor diferente en cada ocasi\u00f3n, revisamos varias piezas musicales. <!--more--><\/p>\n<p><iframe loading=\"lazy\" id=\"audio_41925916\" style=\"border: 1px solid #EEE; box-sizing: border-box; width: 100%;\" src=\"https:\/\/www.ivoox.com\/player_ej_41925916_4_1.html?c1=ff6600\" width=\"300\" height=\"200\" frameborder=\"0\" scrolling=\"no\" allowfullscreen=\"allowfullscreen\"><\/iframe><\/p>\n","protected":false},"excerpt":{"rendered":"<p>Primeiro cap\u00edtulo de S\u00f3nica Cu\u00e1ntica, un programa at\u00edpico sobre m\u00fasica cl\u00e1sica, loitando contra a idea&#8230;<\/p>\n","protected":false},"author":1,"featured_media":4775,"comment_status":"open","ping_status":"closed","sticky":false,"template":"","format":"standard","meta":{"footnotes":""},"categories":[],"tags":[],"class_list":["post-4720","post","type-post","status-publish","format-standard","has-post-thumbnail","hentry"],"translation":{"provider":"WPGlobus","version":"3.0.2","language":"es","enabled_languages":["gl","es"],"languages":{"gl":{"title":true,"content":true,"excerpt":false},"es":{"title":true,"content":true,"excerpt":false}}},"_links":{"self":[{"href":"https:\/\/www.radiocampusculturae.org\/es\/wp-json\/wp\/v2\/posts\/4720","targetHints":{"allow":["GET"]}}],"collection":[{"href":"https:\/\/www.radiocampusculturae.org\/es\/wp-json\/wp\/v2\/posts"}],"about":[{"href":"https:\/\/www.radiocampusculturae.org\/es\/wp-json\/wp\/v2\/types\/post"}],"author":[{"embeddable":true,"href":"https:\/\/www.radiocampusculturae.org\/es\/wp-json\/wp\/v2\/users\/1"}],"replies":[{"embeddable":true,"href":"https:\/\/www.radiocampusculturae.org\/es\/wp-json\/wp\/v2\/comments?post=4720"}],"version-history":[{"count":4,"href":"https:\/\/www.radiocampusculturae.org\/es\/wp-json\/wp\/v2\/posts\/4720\/revisions"}],"predecessor-version":[{"id":4774,"href":"https:\/\/www.radiocampusculturae.org\/es\/wp-json\/wp\/v2\/posts\/4720\/revisions\/4774"}],"wp:featuredmedia":[{"embeddable":true,"href":"https:\/\/www.radiocampusculturae.org\/es\/wp-json\/wp\/v2\/media\/4775"}],"wp:attachment":[{"href":"https:\/\/www.radiocampusculturae.org\/es\/wp-json\/wp\/v2\/media?parent=4720"}],"wp:term":[{"taxonomy":"category","embeddable":true,"href":"https:\/\/www.radiocampusculturae.org\/es\/wp-json\/wp\/v2\/categories?post=4720"},{"taxonomy":"post_tag","embeddable":true,"href":"https:\/\/www.radiocampusculturae.org\/es\/wp-json\/wp\/v2\/tags?post=4720"}],"curies":[{"name":"wp","href":"https:\/\/api.w.org\/{rel}","templated":true}]}}