{"id":4725,"date":"2019-09-24T23:50:56","date_gmt":"2019-09-24T21:50:56","guid":{"rendered":"http:\/\/www.radiocampusculturae.org\/?p=4725"},"modified":"2019-09-25T03:42:20","modified_gmt":"2019-09-25T01:42:20","slug":"presentacion-tempada-2019-2020-24-09-2019","status":"publish","type":"post","link":"https:\/\/www.radiocampusculturae.org\/es\/blog\/presentacion-tempada-2019-2020-24-09-2019\/","title":{"rendered":"Presentaci\u00f3n Tempada 2019-2020 (24-09-2019)"},"content":{"rendered":"<p>Programa especial de Presentaci\u00f3n de la temporada 2019-2020 de Radio campUSCulturae, realizado en directo desde la sala de cine de la Residencia Universitaria Burgo das Naci\u00f3ns.<!--more--><\/p>\n<p>El evento fue abierto por el director de la residencia universitaria, Eduardo Rey, y adem\u00e1s del conductor del programa, Jonathan Barral, participaron tambi\u00e9n integrantes de varios programas de la parrilla de Radio campUSCulturae como Estudio 54, S\u00f3nica Cu\u00e1ntica, Bur\u00e1n, Sexto Grao y Mix Club. Tambi\u00e9n hubo tiempo para presentar la nuva temporada de Select Game, Tren de Medianoche y Compostela Cultural adem\u00e1s de adelantar algunos de los programas especiales que se avecinan, coma el que habr\u00e1 est fin de semana con motivo del d\u00eda del deporte en Santiago de Compostela y el que habr\u00e1 el pr\u00f3ximo 10 de noviembre para retransmitir y analizar los resultados de las elecciones gerales.<br \/>\n<iframe id='audio_41927009' frameborder='0' allowfullscreen='' scrolling='no' height='200' style='border:1px solid #EEE; box-sizing:border-box; width:100%;' src=\"https:\/\/www.ivoox.com\/player_ej_41927009_4_1.html?c1=ff6600\"><\/iframe>cia Universitaria Burgo das Naci\u00f3ns.<\/p>\n","protected":false},"excerpt":{"rendered":"<p>Programa especial de Presentaci\u00f3n da tempada 2019-2020 de Radio campUSCulturae, realizado en directo dende a&#8230;<\/p>\n","protected":false},"author":1,"featured_media":4726,"comment_status":"open","ping_status":"closed","sticky":false,"template":"","format":"standard","meta":{"footnotes":""},"categories":[],"tags":[],"class_list":["post-4725","post","type-post","status-publish","format-standard","has-post-thumbnail","hentry"],"translation":{"provider":"WPGlobus","version":"3.0.2","language":"es","enabled_languages":["gl","es"],"languages":{"gl":{"title":true,"content":true,"excerpt":false},"es":{"title":true,"content":true,"excerpt":false}}},"_links":{"self":[{"href":"https:\/\/www.radiocampusculturae.org\/es\/wp-json\/wp\/v2\/posts\/4725","targetHints":{"allow":["GET"]}}],"collection":[{"href":"https:\/\/www.radiocampusculturae.org\/es\/wp-json\/wp\/v2\/posts"}],"about":[{"href":"https:\/\/www.radiocampusculturae.org\/es\/wp-json\/wp\/v2\/types\/post"}],"author":[{"embeddable":true,"href":"https:\/\/www.radiocampusculturae.org\/es\/wp-json\/wp\/v2\/users\/1"}],"replies":[{"embeddable":true,"href":"https:\/\/www.radiocampusculturae.org\/es\/wp-json\/wp\/v2\/comments?post=4725"}],"version-history":[{"count":2,"href":"https:\/\/www.radiocampusculturae.org\/es\/wp-json\/wp\/v2\/posts\/4725\/revisions"}],"predecessor-version":[{"id":4728,"href":"https:\/\/www.radiocampusculturae.org\/es\/wp-json\/wp\/v2\/posts\/4725\/revisions\/4728"}],"wp:featuredmedia":[{"embeddable":true,"href":"https:\/\/www.radiocampusculturae.org\/es\/wp-json\/wp\/v2\/media\/4726"}],"wp:attachment":[{"href":"https:\/\/www.radiocampusculturae.org\/es\/wp-json\/wp\/v2\/media?parent=4725"}],"wp:term":[{"taxonomy":"category","embeddable":true,"href":"https:\/\/www.radiocampusculturae.org\/es\/wp-json\/wp\/v2\/categories?post=4725"},{"taxonomy":"post_tag","embeddable":true,"href":"https:\/\/www.radiocampusculturae.org\/es\/wp-json\/wp\/v2\/tags?post=4725"}],"curies":[{"name":"wp","href":"https:\/\/api.w.org\/{rel}","templated":true}]}}