{"id":4730,"date":"2019-09-27T20:25:07","date_gmt":"2019-09-27T18:25:07","guid":{"rendered":"http:\/\/www.radiocampusculturae.org\/?p=4730"},"modified":"2019-10-09T13:21:19","modified_gmt":"2019-10-09T11:21:19","slug":"sexto-grao-015-fernando-fernandez-rego-27-09-2019","status":"publish","type":"post","link":"https:\/\/www.radiocampusculturae.org\/es\/blog\/sexto-grao-015-fernando-fernandez-rego-27-09-2019\/","title":{"rendered":"Sexto Grao 015: Fernando Fernandez Rego (27-09-2019)"},"content":{"rendered":"<p>Hoy se somete a Sexto Grao Fernando Fern\u00e1ndez Rego, actualmente el mayor cronista de m\u00fasica hecha en Galicia. Ha publicado numerosos libros, colaborado con Rock Deluxe y otras publicaciones expecializadas pero es conocido sobre todo por los art\u00edculos musicales para La Fonoteca, y ahora como autor de \u00abUnha historia de m\u00fasica en Galicia 1952-2018\u00bb, un libro imprescindible para comprender la m\u00fasica popular contempor\u00e1nea hecha en Galicia. Nacido en Ferrol.<!--more--><\/p>\n<p><iframe id='audio_42204536' frameborder='0' allowfullscreen='' scrolling='no' height='200' style='border:1px solid #EEE; box-sizing:border-box; width:100%;' src=\"https:\/\/www.ivoox.com\/player_ej_42204536_4_1.html?c1=ff6600\"><\/iframe><br \/>\nPlaylist<br \/>\n1. Andr\u00e9s do Barro \u2013 Namoreime no Ferrol<br \/>\n2. Los Tamara \u2013 A Santiago voy<br \/>\n3. Los Cafres \u2013 Soy una alima\u00f1a<br \/>\n4. Espejos y diamantes \u2013 Dias de lluvia, tecnolopo y morrisey<br \/>\n5. Baiuca &#8211; Morri\u00f1a<br \/>\n6. Malandr\u00f3meda \u2013 Festa malandr\u00f3mica<\/p>\n","protected":false},"excerpt":{"rendered":"<p>Hoxe som\u00e9tese ao Sexto Grao Fernando Fern\u00e1ndez Rego, actualmente o maior cronista de m\u00fasica feita&#8230;<\/p>\n","protected":false},"author":1,"featured_media":4788,"comment_status":"open","ping_status":"closed","sticky":false,"template":"","format":"standard","meta":{"footnotes":""},"categories":[],"tags":[],"class_list":["post-4730","post","type-post","status-publish","format-standard","has-post-thumbnail","hentry"],"translation":{"provider":"WPGlobus","version":"3.0.2","language":"es","enabled_languages":["gl","es"],"languages":{"gl":{"title":true,"content":true,"excerpt":false},"es":{"title":true,"content":true,"excerpt":false}}},"_links":{"self":[{"href":"https:\/\/www.radiocampusculturae.org\/es\/wp-json\/wp\/v2\/posts\/4730","targetHints":{"allow":["GET"]}}],"collection":[{"href":"https:\/\/www.radiocampusculturae.org\/es\/wp-json\/wp\/v2\/posts"}],"about":[{"href":"https:\/\/www.radiocampusculturae.org\/es\/wp-json\/wp\/v2\/types\/post"}],"author":[{"embeddable":true,"href":"https:\/\/www.radiocampusculturae.org\/es\/wp-json\/wp\/v2\/users\/1"}],"replies":[{"embeddable":true,"href":"https:\/\/www.radiocampusculturae.org\/es\/wp-json\/wp\/v2\/comments?post=4730"}],"version-history":[{"count":3,"href":"https:\/\/www.radiocampusculturae.org\/es\/wp-json\/wp\/v2\/posts\/4730\/revisions"}],"predecessor-version":[{"id":4796,"href":"https:\/\/www.radiocampusculturae.org\/es\/wp-json\/wp\/v2\/posts\/4730\/revisions\/4796"}],"wp:featuredmedia":[{"embeddable":true,"href":"https:\/\/www.radiocampusculturae.org\/es\/wp-json\/wp\/v2\/media\/4788"}],"wp:attachment":[{"href":"https:\/\/www.radiocampusculturae.org\/es\/wp-json\/wp\/v2\/media?parent=4730"}],"wp:term":[{"taxonomy":"category","embeddable":true,"href":"https:\/\/www.radiocampusculturae.org\/es\/wp-json\/wp\/v2\/categories?post=4730"},{"taxonomy":"post_tag","embeddable":true,"href":"https:\/\/www.radiocampusculturae.org\/es\/wp-json\/wp\/v2\/tags?post=4730"}],"curies":[{"name":"wp","href":"https:\/\/api.w.org\/{rel}","templated":true}]}}