{"id":4746,"date":"2019-10-03T21:08:55","date_gmt":"2019-10-03T19:08:55","guid":{"rendered":"http:\/\/www.radiocampusculturae.org\/?p=4746"},"modified":"2019-10-09T13:17:14","modified_gmt":"2019-10-09T11:17:14","slug":"buran-033-03-10-2019","status":"publish","type":"post","link":"https:\/\/www.radiocampusculturae.org\/es\/blog\/buran-033-03-10-2019\/","title":{"rendered":"Buran 033 (03-10-2019)"},"content":{"rendered":"<p>El universo conspira para que Bur\u00e1n regrese una temporada m\u00e1s. El transbordador consigue una nueva conexi\u00f3n con el planeta tierra para hablar de teor\u00edas m\u00e1s o menos conspiranoicas, contubernios judeo-mas\u00f3nicos, illuminatis desbocados, simbolog\u00edas cr\u00edpticas en la m\u00fasica pop y otras hierbas estra\u00f1as. Con una banda sonora que va saltando por Offspring, Katy Perry, Bad Religion, Madonna y el combo mortal de Arrhythmia con Rebeliom do Inframundo.<br \/>\n<iframe id='audio_42616120' frameborder='0' allowfullscreen='' scrolling='no' height='200' style='border:1px solid #EEE; box-sizing:border-box; width:100%;' src=\"https:\/\/www.ivoox.com\/player_ej_42616120_4_1.html?c1=ff6600\"><\/iframe><\/p>\n","protected":false},"excerpt":{"rendered":"<p>El universo conspira para que Bur\u00e1n regrese una temporada m\u00e1s. El transbordador consigue una nueva&#8230;<\/p>\n","protected":false},"author":1,"featured_media":4783,"comment_status":"open","ping_status":"closed","sticky":false,"template":"","format":"standard","meta":{"footnotes":""},"categories":[],"tags":[],"class_list":["post-4746","post","type-post","status-publish","format-standard","has-post-thumbnail","hentry"],"translation":{"provider":"WPGlobus","version":"3.0.2","language":"es","enabled_languages":["gl","es"],"languages":{"gl":{"title":true,"content":true,"excerpt":false},"es":{"title":true,"content":true,"excerpt":false}}},"_links":{"self":[{"href":"https:\/\/www.radiocampusculturae.org\/es\/wp-json\/wp\/v2\/posts\/4746","targetHints":{"allow":["GET"]}}],"collection":[{"href":"https:\/\/www.radiocampusculturae.org\/es\/wp-json\/wp\/v2\/posts"}],"about":[{"href":"https:\/\/www.radiocampusculturae.org\/es\/wp-json\/wp\/v2\/types\/post"}],"author":[{"embeddable":true,"href":"https:\/\/www.radiocampusculturae.org\/es\/wp-json\/wp\/v2\/users\/1"}],"replies":[{"embeddable":true,"href":"https:\/\/www.radiocampusculturae.org\/es\/wp-json\/wp\/v2\/comments?post=4746"}],"version-history":[{"count":5,"href":"https:\/\/www.radiocampusculturae.org\/es\/wp-json\/wp\/v2\/posts\/4746\/revisions"}],"predecessor-version":[{"id":4780,"href":"https:\/\/www.radiocampusculturae.org\/es\/wp-json\/wp\/v2\/posts\/4746\/revisions\/4780"}],"wp:featuredmedia":[{"embeddable":true,"href":"https:\/\/www.radiocampusculturae.org\/es\/wp-json\/wp\/v2\/media\/4783"}],"wp:attachment":[{"href":"https:\/\/www.radiocampusculturae.org\/es\/wp-json\/wp\/v2\/media?parent=4746"}],"wp:term":[{"taxonomy":"category","embeddable":true,"href":"https:\/\/www.radiocampusculturae.org\/es\/wp-json\/wp\/v2\/categories?post=4746"},{"taxonomy":"post_tag","embeddable":true,"href":"https:\/\/www.radiocampusculturae.org\/es\/wp-json\/wp\/v2\/tags?post=4746"}],"curies":[{"name":"wp","href":"https:\/\/api.w.org\/{rel}","templated":true}]}}