{"id":4777,"date":"2019-10-07T21:15:52","date_gmt":"2019-10-07T19:15:52","guid":{"rendered":"http:\/\/www.radiocampusculturae.org\/?p=4777"},"modified":"2019-10-11T23:23:42","modified_gmt":"2019-10-11T21:23:42","slug":"sonica-cuantica-002-07-10-2019","status":"publish","type":"post","link":"https:\/\/www.radiocampusculturae.org\/es\/blog\/sonica-cuantica-002-07-10-2019\/","title":{"rendered":"S\u00f3nica C\u00faantica 002: Mar\u00eda Callas, diva pop (07-10-2019)"},"content":{"rendered":"<p>\u00bfQu\u00e9 entendemos por \u201cdiva\u201d? \u00bfPor qu\u00e9 las cantantes pop y las esstrellas de la \u00f3pera entran igualmente en esta categor\u00eda? Lo principal y m\u00e1s importante, es el glamour. Porque una diva es m\u00e1s el personaje que la artista. Lo que hace diferente, fascinante, contempor\u00e1nea a Mar\u00eda Callas es definitivamente&#8230; el cotilleo.<!--more--><\/p>\n<p><iframe loading=\"lazy\" id=\"audio_42772057\" style=\"border: 1px solid #EEE; box-sizing: border-box; width: 100%;\" src=\"https:\/\/www.ivoox.com\/player_ej_42772057_4_1.html?c1=ff6600\" width=\"300\" height=\"200\" frameborder=\"0\" scrolling=\"no\" allowfullscreen=\"allowfullscreen\"><\/iframe><\/p>\n","protected":false},"excerpt":{"rendered":"<p>Que entendemos por \u201cdiva\u201d? Por que as cantantes pop e as estrelas da \u00f3pera entran&#8230;<\/p>\n","protected":false},"author":1,"featured_media":4775,"comment_status":"open","ping_status":"closed","sticky":false,"template":"","format":"standard","meta":{"footnotes":""},"categories":[],"tags":[],"class_list":["post-4777","post","type-post","status-publish","format-standard","has-post-thumbnail","hentry"],"translation":{"provider":"WPGlobus","version":"3.0.2","language":"es","enabled_languages":["gl","es"],"languages":{"gl":{"title":true,"content":true,"excerpt":false},"es":{"title":true,"content":true,"excerpt":false}}},"_links":{"self":[{"href":"https:\/\/www.radiocampusculturae.org\/es\/wp-json\/wp\/v2\/posts\/4777","targetHints":{"allow":["GET"]}}],"collection":[{"href":"https:\/\/www.radiocampusculturae.org\/es\/wp-json\/wp\/v2\/posts"}],"about":[{"href":"https:\/\/www.radiocampusculturae.org\/es\/wp-json\/wp\/v2\/types\/post"}],"author":[{"embeddable":true,"href":"https:\/\/www.radiocampusculturae.org\/es\/wp-json\/wp\/v2\/users\/1"}],"replies":[{"embeddable":true,"href":"https:\/\/www.radiocampusculturae.org\/es\/wp-json\/wp\/v2\/comments?post=4777"}],"version-history":[{"count":3,"href":"https:\/\/www.radiocampusculturae.org\/es\/wp-json\/wp\/v2\/posts\/4777\/revisions"}],"predecessor-version":[{"id":4779,"href":"https:\/\/www.radiocampusculturae.org\/es\/wp-json\/wp\/v2\/posts\/4777\/revisions\/4779"}],"wp:featuredmedia":[{"embeddable":true,"href":"https:\/\/www.radiocampusculturae.org\/es\/wp-json\/wp\/v2\/media\/4775"}],"wp:attachment":[{"href":"https:\/\/www.radiocampusculturae.org\/es\/wp-json\/wp\/v2\/media?parent=4777"}],"wp:term":[{"taxonomy":"category","embeddable":true,"href":"https:\/\/www.radiocampusculturae.org\/es\/wp-json\/wp\/v2\/categories?post=4777"},{"taxonomy":"post_tag","embeddable":true,"href":"https:\/\/www.radiocampusculturae.org\/es\/wp-json\/wp\/v2\/tags?post=4777"}],"curies":[{"name":"wp","href":"https:\/\/api.w.org\/{rel}","templated":true}]}}