{"id":4815,"date":"2019-10-21T20:48:33","date_gmt":"2019-10-21T18:48:33","guid":{"rendered":"http:\/\/www.radiocampusculturae.org\/?p=4815"},"modified":"2019-10-24T20:54:32","modified_gmt":"2019-10-24T18:54:32","slug":"sonica-cuantica-003-o-barroco-ou-a-maxia-do-baixo-continuo-21-10-2019","status":"publish","type":"post","link":"https:\/\/www.radiocampusculturae.org\/es\/blog\/sonica-cuantica-003-o-barroco-ou-a-maxia-do-baixo-continuo-21-10-2019\/","title":{"rendered":"S\u00f3nica Cu\u00e1ntica 003: El barroco o la magia del bajo continuo (21-10-2019)"},"content":{"rendered":"<p>La combinaci\u00f3n sonora de bases graves y las melod\u00edas altas y agudas parece que por alg\u00fan motivo acompa\u00f1a a la especie humana desde las cavernas ylos huesos de mamut agujereados y percutidos, llegando a los temas electr\u00f3nicos de hoy en d\u00eda, pero donde encuentra realmente su m\u00e1xima expresi\u00f3n es en la m\u00fasica del Barroco. Hoy vamos a hablar de la magia del bajo continuo. <!--more--><\/p>\n<p><iframe id='audio_43453792' frameborder='0' allowfullscreen='' scrolling='no' height='200' style='border:1px solid #EEE; box-sizing:border-box; width:100%;' src=\"https:\/\/www.ivoox.com\/player_ej_43453792_4_1.html?c1=ff6600\"><\/iframe><\/p>\n","protected":false},"excerpt":{"rendered":"<p>A combinaci\u00f3n sonora de bases graves e as melod\u00edas altas e agudas parece que por&#8230;<\/p>\n","protected":false},"author":1,"featured_media":4775,"comment_status":"open","ping_status":"closed","sticky":false,"template":"","format":"standard","meta":{"footnotes":""},"categories":[],"tags":[],"class_list":["post-4815","post","type-post","status-publish","format-standard","has-post-thumbnail","hentry"],"translation":{"provider":"WPGlobus","version":"3.0.2","language":"es","enabled_languages":["gl","es"],"languages":{"gl":{"title":true,"content":true,"excerpt":false},"es":{"title":true,"content":true,"excerpt":false}}},"_links":{"self":[{"href":"https:\/\/www.radiocampusculturae.org\/es\/wp-json\/wp\/v2\/posts\/4815","targetHints":{"allow":["GET"]}}],"collection":[{"href":"https:\/\/www.radiocampusculturae.org\/es\/wp-json\/wp\/v2\/posts"}],"about":[{"href":"https:\/\/www.radiocampusculturae.org\/es\/wp-json\/wp\/v2\/types\/post"}],"author":[{"embeddable":true,"href":"https:\/\/www.radiocampusculturae.org\/es\/wp-json\/wp\/v2\/users\/1"}],"replies":[{"embeddable":true,"href":"https:\/\/www.radiocampusculturae.org\/es\/wp-json\/wp\/v2\/comments?post=4815"}],"version-history":[{"count":3,"href":"https:\/\/www.radiocampusculturae.org\/es\/wp-json\/wp\/v2\/posts\/4815\/revisions"}],"predecessor-version":[{"id":4817,"href":"https:\/\/www.radiocampusculturae.org\/es\/wp-json\/wp\/v2\/posts\/4815\/revisions\/4817"}],"wp:featuredmedia":[{"embeddable":true,"href":"https:\/\/www.radiocampusculturae.org\/es\/wp-json\/wp\/v2\/media\/4775"}],"wp:attachment":[{"href":"https:\/\/www.radiocampusculturae.org\/es\/wp-json\/wp\/v2\/media?parent=4815"}],"wp:term":[{"taxonomy":"category","embeddable":true,"href":"https:\/\/www.radiocampusculturae.org\/es\/wp-json\/wp\/v2\/categories?post=4815"},{"taxonomy":"post_tag","embeddable":true,"href":"https:\/\/www.radiocampusculturae.org\/es\/wp-json\/wp\/v2\/tags?post=4815"}],"curies":[{"name":"wp","href":"https:\/\/api.w.org\/{rel}","templated":true}]}}