{"id":4970,"date":"2020-02-10T21:16:41","date_gmt":"2020-02-10T19:16:41","guid":{"rendered":"http:\/\/www.radiocampusculturae.org\/?p=4970"},"modified":"2020-02-18T01:24:11","modified_gmt":"2020-02-17T23:24:11","slug":"sonica-cuantica-004-barbara-strozzi-escandalo-e-madrigais-en-venecia-10-02-2020","status":"publish","type":"post","link":"https:\/\/www.radiocampusculturae.org\/es\/blog\/sonica-cuantica-004-barbara-strozzi-escandalo-e-madrigais-en-venecia-10-02-2020\/","title":{"rendered":"S\u00f3nica Cu\u00e1ntica 004: B\u00e1rbara Strozzi, esc\u00e1ndalo e madrigais en Venecia (10-02-2020)"},"content":{"rendered":"<p>B\u00e1rbara Strozzi fue la compositora m\u00e1s famosa y prol\u00edfica de su tiempo, olvidada despu\u00e9s por la historia. Hija ileg\u00edtima, cortesana, genio de la m\u00fasica y celebrity del momento, en este programa nos acercamos a su figura.<br \/>\n<iframe id='audio_47552621' frameborder='0' allowfullscreen='' scrolling='no' height='200' style='border:1px solid #EEE; box-sizing:border-box; width:100%;' src=\"https:\/\/www.ivoox.com\/player_ej_47552621_4_1.html?c1=ff6600\"><\/iframe><\/p>\n","protected":false},"excerpt":{"rendered":"<p>B\u00e1rbara Strozzi fue la compositora m\u00e1s famosa y prol\u00edfica de su tiempo, olvidada despu\u00e9s por&#8230;<\/p>\n","protected":false},"author":1,"featured_media":4775,"comment_status":"open","ping_status":"closed","sticky":false,"template":"","format":"standard","meta":{"footnotes":""},"categories":[],"tags":[],"class_list":["post-4970","post","type-post","status-publish","format-standard","has-post-thumbnail","hentry"],"translation":{"provider":"WPGlobus","version":"3.0.2","language":"es","enabled_languages":["gl","es"],"languages":{"gl":{"title":true,"content":true,"excerpt":false},"es":{"title":true,"content":true,"excerpt":false}}},"_links":{"self":[{"href":"https:\/\/www.radiocampusculturae.org\/es\/wp-json\/wp\/v2\/posts\/4970","targetHints":{"allow":["GET"]}}],"collection":[{"href":"https:\/\/www.radiocampusculturae.org\/es\/wp-json\/wp\/v2\/posts"}],"about":[{"href":"https:\/\/www.radiocampusculturae.org\/es\/wp-json\/wp\/v2\/types\/post"}],"author":[{"embeddable":true,"href":"https:\/\/www.radiocampusculturae.org\/es\/wp-json\/wp\/v2\/users\/1"}],"replies":[{"embeddable":true,"href":"https:\/\/www.radiocampusculturae.org\/es\/wp-json\/wp\/v2\/comments?post=4970"}],"version-history":[{"count":3,"href":"https:\/\/www.radiocampusculturae.org\/es\/wp-json\/wp\/v2\/posts\/4970\/revisions"}],"predecessor-version":[{"id":4980,"href":"https:\/\/www.radiocampusculturae.org\/es\/wp-json\/wp\/v2\/posts\/4970\/revisions\/4980"}],"wp:featuredmedia":[{"embeddable":true,"href":"https:\/\/www.radiocampusculturae.org\/es\/wp-json\/wp\/v2\/media\/4775"}],"wp:attachment":[{"href":"https:\/\/www.radiocampusculturae.org\/es\/wp-json\/wp\/v2\/media?parent=4970"}],"wp:term":[{"taxonomy":"category","embeddable":true,"href":"https:\/\/www.radiocampusculturae.org\/es\/wp-json\/wp\/v2\/categories?post=4970"},{"taxonomy":"post_tag","embeddable":true,"href":"https:\/\/www.radiocampusculturae.org\/es\/wp-json\/wp\/v2\/tags?post=4970"}],"curies":[{"name":"wp","href":"https:\/\/api.w.org\/{rel}","templated":true}]}}