{"id":5014,"date":"2020-03-07T22:11:50","date_gmt":"2020-03-07T20:11:50","guid":{"rendered":"http:\/\/www.radiocampusculturae.org\/?p=5014"},"modified":"2020-03-17T16:25:35","modified_gmt":"2020-03-17T14:25:35","slug":"iv-certame-paixon-do-camino-07-03-2020","status":"publish","type":"post","link":"https:\/\/www.radiocampusculturae.org\/es\/blog\/iv-certame-paixon-do-camino-07-03-2020\/","title":{"rendered":"IV Certame Paix\u00f3n do Cami\u00f1o (07-03-2020)"},"content":{"rendered":"<p>Cuarta edici\u00f3n del certamen Paix\u00f3n do Cami\u00f1o, retransmitido por Radio CampUSCulturae.<br \/>\n<iframe id='audio_48675923' frameborder='0' allowfullscreen='' scrolling='no' height='200' style='border:1px solid #EEE; box-sizing:border-box; width:100%;' src=\"https:\/\/www.ivoox.com\/player_ej_48675923_4_1.html?c1=ff6600\"><\/iframe><br \/>\n<iframe id='audio_48675969' frameborder='0' allowfullscreen='' scrolling='no' height='200' style='border:1px solid #EEE; box-sizing:border-box; width:100%;' src=\"https:\/\/www.ivoox.com\/player_ej_48675969_4_1.html?c1=ff6600\"><\/iframe><\/p>\n","protected":false},"excerpt":{"rendered":"<p>Cuarta edici\u00f3n del certamen Paix\u00f3n do Cami\u00f1o, retransmitido por Radio CampUSCulturae.<\/p>\n","protected":false},"author":1,"featured_media":5015,"comment_status":"open","ping_status":"closed","sticky":false,"template":"","format":"standard","meta":{"footnotes":""},"categories":[],"tags":[],"class_list":["post-5014","post","type-post","status-publish","format-standard","has-post-thumbnail","hentry"],"translation":{"provider":"WPGlobus","version":"3.0.2","language":"es","enabled_languages":["gl","es"],"languages":{"gl":{"title":true,"content":true,"excerpt":false},"es":{"title":true,"content":true,"excerpt":false}}},"_links":{"self":[{"href":"https:\/\/www.radiocampusculturae.org\/es\/wp-json\/wp\/v2\/posts\/5014","targetHints":{"allow":["GET"]}}],"collection":[{"href":"https:\/\/www.radiocampusculturae.org\/es\/wp-json\/wp\/v2\/posts"}],"about":[{"href":"https:\/\/www.radiocampusculturae.org\/es\/wp-json\/wp\/v2\/types\/post"}],"author":[{"embeddable":true,"href":"https:\/\/www.radiocampusculturae.org\/es\/wp-json\/wp\/v2\/users\/1"}],"replies":[{"embeddable":true,"href":"https:\/\/www.radiocampusculturae.org\/es\/wp-json\/wp\/v2\/comments?post=5014"}],"version-history":[{"count":2,"href":"https:\/\/www.radiocampusculturae.org\/es\/wp-json\/wp\/v2\/posts\/5014\/revisions"}],"predecessor-version":[{"id":5017,"href":"https:\/\/www.radiocampusculturae.org\/es\/wp-json\/wp\/v2\/posts\/5014\/revisions\/5017"}],"wp:featuredmedia":[{"embeddable":true,"href":"https:\/\/www.radiocampusculturae.org\/es\/wp-json\/wp\/v2\/media\/5015"}],"wp:attachment":[{"href":"https:\/\/www.radiocampusculturae.org\/es\/wp-json\/wp\/v2\/media?parent=5014"}],"wp:term":[{"taxonomy":"category","embeddable":true,"href":"https:\/\/www.radiocampusculturae.org\/es\/wp-json\/wp\/v2\/categories?post=5014"},{"taxonomy":"post_tag","embeddable":true,"href":"https:\/\/www.radiocampusculturae.org\/es\/wp-json\/wp\/v2\/tags?post=5014"}],"curies":[{"name":"wp","href":"https:\/\/api.w.org\/{rel}","templated":true}]}}