{"id":5093,"date":"2022-07-02T21:54:00","date_gmt":"2022-07-02T19:54:00","guid":{"rendered":"http:\/\/www.radiocampusculturae.org\/?p=5093"},"modified":"2022-11-22T01:05:00","modified_gmt":"2022-11-21T23:05:00","slug":"buran-036-metaverso-02-06-2022","status":"publish","type":"post","link":"https:\/\/www.radiocampusculturae.org\/es\/blog\/buran-036-metaverso-02-06-2022\/","title":{"rendered":"Buran 036: Metaverso (02-06-2022)"},"content":{"rendered":"<p style=\"\u00bbtext-align:\" justify=\"\">Como si un mundo no fuese suficiente, el ser humano estuvo siempre ideando las posibilidades de los universos alternativos. En este episodio, la tripulaci\u00f3n de Bur\u00e1n habla del metaverso, esa extensi\u00f3n virtual de la simple realidad objetiva y lo que puede depararnos. Tambi\u00e9n de sus dimensiones l\u00fadicas, el reflejo que tuvo en el cine y en la literatura y la sombra de la distop\u00eda que se avecina. Y escuchando hallazgos como P.R2B, Caetano Veloso o Camarada Nimoy.<\/p>\n<p><iframe id='audio_87998291' frameborder='0' allowfullscreen='' scrolling='no' height='200' style='border:1px solid #EEE; box-sizing:border-box; width:100%;' src=\"https:\/\/www.ivoox.com\/player_ej_87998291_4_1.html?c1=ff6600\" loading='lazy'><\/iframe><\/p>\n","protected":false},"excerpt":{"rendered":"<p>Como si un mundo no fuese suficiente, el ser humano estuvo siempre ideando las posibilidades&#8230;<\/p>\n","protected":false},"author":1,"featured_media":4783,"comment_status":"open","ping_status":"closed","sticky":false,"template":"","format":"standard","meta":{"footnotes":""},"categories":[],"tags":[],"class_list":["post-5093","post","type-post","status-publish","format-standard","has-post-thumbnail","hentry"],"translation":{"provider":"WPGlobus","version":"3.0.2","language":"es","enabled_languages":["gl","es"],"languages":{"gl":{"title":true,"content":true,"excerpt":false},"es":{"title":true,"content":true,"excerpt":false}}},"_links":{"self":[{"href":"https:\/\/www.radiocampusculturae.org\/es\/wp-json\/wp\/v2\/posts\/5093","targetHints":{"allow":["GET"]}}],"collection":[{"href":"https:\/\/www.radiocampusculturae.org\/es\/wp-json\/wp\/v2\/posts"}],"about":[{"href":"https:\/\/www.radiocampusculturae.org\/es\/wp-json\/wp\/v2\/types\/post"}],"author":[{"embeddable":true,"href":"https:\/\/www.radiocampusculturae.org\/es\/wp-json\/wp\/v2\/users\/1"}],"replies":[{"embeddable":true,"href":"https:\/\/www.radiocampusculturae.org\/es\/wp-json\/wp\/v2\/comments?post=5093"}],"version-history":[{"count":1,"href":"https:\/\/www.radiocampusculturae.org\/es\/wp-json\/wp\/v2\/posts\/5093\/revisions"}],"predecessor-version":[{"id":5094,"href":"https:\/\/www.radiocampusculturae.org\/es\/wp-json\/wp\/v2\/posts\/5093\/revisions\/5094"}],"wp:featuredmedia":[{"embeddable":true,"href":"https:\/\/www.radiocampusculturae.org\/es\/wp-json\/wp\/v2\/media\/4783"}],"wp:attachment":[{"href":"https:\/\/www.radiocampusculturae.org\/es\/wp-json\/wp\/v2\/media?parent=5093"}],"wp:term":[{"taxonomy":"category","embeddable":true,"href":"https:\/\/www.radiocampusculturae.org\/es\/wp-json\/wp\/v2\/categories?post=5093"},{"taxonomy":"post_tag","embeddable":true,"href":"https:\/\/www.radiocampusculturae.org\/es\/wp-json\/wp\/v2\/tags?post=5093"}],"curies":[{"name":"wp","href":"https:\/\/api.w.org\/{rel}","templated":true}]}}