{"id":680,"date":"2016-03-03T20:06:17","date_gmt":"2016-03-03T19:06:17","guid":{"rendered":"http:\/\/www.radiocampusculturae.org\/?p=680"},"modified":"2016-03-03T22:31:43","modified_gmt":"2016-03-03T21:31:43","slug":"conversas-en-fonseca-03-03-2016-con-manuel-gandoy-crego","status":"publish","type":"post","link":"https:\/\/www.radiocampusculturae.org\/es\/blog\/conversas-en-fonseca-03-03-2016-con-manuel-gandoy-crego\/","title":{"rendered":"Conversas En Fonseca (03-03-2016) con Manuel Gandoy Crego"},"content":{"rendered":"<p style=\"text-align: justify;\">Esta semana hablamos con Manuel Gandoy Crego, profesor titular de la Facultad de Enfermer\u00eda de la Universidad de Santiago de Compostela, coordinador del Grupo de Investigaci\u00f3n en dependencia, gerentolog\u00eda y geriatr\u00eda y director de la <a href=\"http:\/\/xornal.usc.es\/xornal\/acontece\/2016_01\/noticia_0090.html\" target=\"_blank\">C\u00e1tedra Cruz Vermella<\/a> (Cruz Roja).<\/p>\n<p><iframe id='audio_10663626' frameborder='0' allowfullscreen='' scrolling='no' height='200' style='border:1px solid #EEE; box-sizing:border-box; width:100%;' src=\"https:\/\/www.ivoox.com\/player_ej_10663626_4_1.html?c1=ff6600\"><\/iframe><\/p>\n","protected":false},"excerpt":{"rendered":"<p>Esta semana hablamos con Manuel Gandoy Crego, profesor titular de la Facultad de Enfermer\u00eda de&#8230;<\/p>\n","protected":false},"author":1,"featured_media":0,"comment_status":"open","ping_status":"open","sticky":false,"template":"","format":"standard","meta":{"footnotes":""},"categories":[],"tags":[],"class_list":["post-680","post","type-post","status-publish","format-standard","hentry"],"translation":{"provider":"WPGlobus","version":"3.0.2","language":"es","enabled_languages":["gl","es"],"languages":{"gl":{"title":true,"content":true,"excerpt":false},"es":{"title":true,"content":true,"excerpt":false}}},"_links":{"self":[{"href":"https:\/\/www.radiocampusculturae.org\/es\/wp-json\/wp\/v2\/posts\/680","targetHints":{"allow":["GET"]}}],"collection":[{"href":"https:\/\/www.radiocampusculturae.org\/es\/wp-json\/wp\/v2\/posts"}],"about":[{"href":"https:\/\/www.radiocampusculturae.org\/es\/wp-json\/wp\/v2\/types\/post"}],"author":[{"embeddable":true,"href":"https:\/\/www.radiocampusculturae.org\/es\/wp-json\/wp\/v2\/users\/1"}],"replies":[{"embeddable":true,"href":"https:\/\/www.radiocampusculturae.org\/es\/wp-json\/wp\/v2\/comments?post=680"}],"version-history":[{"count":3,"href":"https:\/\/www.radiocampusculturae.org\/es\/wp-json\/wp\/v2\/posts\/680\/revisions"}],"predecessor-version":[{"id":683,"href":"https:\/\/www.radiocampusculturae.org\/es\/wp-json\/wp\/v2\/posts\/680\/revisions\/683"}],"wp:attachment":[{"href":"https:\/\/www.radiocampusculturae.org\/es\/wp-json\/wp\/v2\/media?parent=680"}],"wp:term":[{"taxonomy":"category","embeddable":true,"href":"https:\/\/www.radiocampusculturae.org\/es\/wp-json\/wp\/v2\/categories?post=680"},{"taxonomy":"post_tag","embeddable":true,"href":"https:\/\/www.radiocampusculturae.org\/es\/wp-json\/wp\/v2\/tags?post=680"}],"curies":[{"name":"wp","href":"https:\/\/api.w.org\/{rel}","templated":true}]}}