{"id":732,"date":"2016-03-10T20:19:12","date_gmt":"2016-03-10T19:19:12","guid":{"rendered":"http:\/\/www.radiocampusculturae.org\/?p=732"},"modified":"2016-03-11T13:29:18","modified_gmt":"2016-03-11T12:29:18","slug":"conversas-en-fonseca-10-03-2016-con-senen-barro","status":"publish","type":"post","link":"https:\/\/www.radiocampusculturae.org\/es\/blog\/conversas-en-fonseca-10-03-2016-con-senen-barro\/","title":{"rendered":"Conversas en Fonseca (10-03-2016), con Sen\u00e9n Barro"},"content":{"rendered":"<p style=\"text-align: justify;\">Esta semana hablamos con Sen\u00e9n Barro Ameneiro, catedr\u00e1tico de Ciencia de la Computaci\u00f3n e Inteligencia Artificial de la Universidad de Santiago de Compostela.<\/p>\n<p>&lt;iframe id=&#8217;audio_10762135&#8242; frameborder=&#8217;0&#8242; allowfullscreen=\u00bb scrolling=&#8217;no&#8217; height=&#8217;200&#8242; style=&#8217;border:1px solid #EEE; box-sizing:border-box; width:100%;&#8217; src=\u00bbhttps:\/\/www.ivoox.com\/player_ej_10762135_4_1.html?c1=ff6600&#8243;&gt;&lt;\/iframe&gt;<\/p>\n","protected":false},"excerpt":{"rendered":"<p>Esta semana hablamos con Sen\u00e9n Barro Ameneiro, catedr\u00e1tico de Ciencia de la Computaci\u00f3n e Inteligencia&#8230;<\/p>\n","protected":false},"author":1,"featured_media":0,"comment_status":"open","ping_status":"open","sticky":false,"template":"","format":"standard","meta":{"footnotes":""},"categories":[],"tags":[],"class_list":["post-732","post","type-post","status-publish","format-standard","hentry"],"translation":{"provider":"WPGlobus","version":"3.0.2","language":"es","enabled_languages":["gl","es"],"languages":{"gl":{"title":true,"content":true,"excerpt":false},"es":{"title":true,"content":true,"excerpt":false}}},"_links":{"self":[{"href":"https:\/\/www.radiocampusculturae.org\/es\/wp-json\/wp\/v2\/posts\/732","targetHints":{"allow":["GET"]}}],"collection":[{"href":"https:\/\/www.radiocampusculturae.org\/es\/wp-json\/wp\/v2\/posts"}],"about":[{"href":"https:\/\/www.radiocampusculturae.org\/es\/wp-json\/wp\/v2\/types\/post"}],"author":[{"embeddable":true,"href":"https:\/\/www.radiocampusculturae.org\/es\/wp-json\/wp\/v2\/users\/1"}],"replies":[{"embeddable":true,"href":"https:\/\/www.radiocampusculturae.org\/es\/wp-json\/wp\/v2\/comments?post=732"}],"version-history":[{"count":3,"href":"https:\/\/www.radiocampusculturae.org\/es\/wp-json\/wp\/v2\/posts\/732\/revisions"}],"predecessor-version":[{"id":734,"href":"https:\/\/www.radiocampusculturae.org\/es\/wp-json\/wp\/v2\/posts\/732\/revisions\/734"}],"wp:attachment":[{"href":"https:\/\/www.radiocampusculturae.org\/es\/wp-json\/wp\/v2\/media?parent=732"}],"wp:term":[{"taxonomy":"category","embeddable":true,"href":"https:\/\/www.radiocampusculturae.org\/es\/wp-json\/wp\/v2\/categories?post=732"},{"taxonomy":"post_tag","embeddable":true,"href":"https:\/\/www.radiocampusculturae.org\/es\/wp-json\/wp\/v2\/tags?post=732"}],"curies":[{"name":"wp","href":"https:\/\/api.w.org\/{rel}","templated":true}]}}